{"id":115281,"date":"2021-04-20T16:50:14","date_gmt":"2021-04-20T20:50:14","guid":{"rendered":"https:\/\/linitiative.ca\/International\/xxe-anniversaire-de-lordre-national-des-pharmaciens-les-organisateurs-sollicitent-le-soutien-du-president-du-faso\/"},"modified":"2021-04-20T16:50:14","modified_gmt":"2021-04-20T20:50:14","slug":"xxe-anniversaire-de-lordre-national-des-pharmaciens-les-organisateurs-sollicitent-le-soutien-du-president-du-faso","status":"publish","type":"post","link":"https:\/\/linitiative.ca\/International\/xxe-anniversaire-de-lordre-national-des-pharmaciens-les-organisateurs-sollicitent-le-soutien-du-president-du-faso\/","title":{"rendered":"XXe anniversaire de l\u2019Ordre national des pharmaciens : Les organisateurs sollicitent le soutien du pr\u00e9sident du Faso"},"content":{"rendered":"<div class=\"td-post-featured-image\">\n<figure><a href=\"https:\/\/www.sidwaya.info\/wp-content\/uploads\/2021\/04\/phar.jpg\" data-caption=\"La d\u00e9l\u00e9gation de l\u2019Ordre national des pharmaciens du Burkina a demand\u00e9 au Pr\u00e9sident du Faso, Roch Marc Christian Kabor\u00e9, d\u2019\u00eatre le patron du XXe anniversaire.\"><img loading=\"lazy\" decoding=\"async\" width=\"696\" height=\"426\" class=\"entry-thumb td-modal-image\" src=\"https:\/\/www.sidwaya.info\/wp-content\/uploads\/2021\/04\/phar-696x426.jpg\" srcset=\"https:\/\/www.sidwaya.info\/wp-content\/uploads\/2021\/04\/phar-696x426.jpg 696w, https:\/\/www.sidwaya.info\/wp-content\/uploads\/2021\/04\/phar-300x184.jpg 300w, https:\/\/www.sidwaya.info\/wp-content\/uploads\/2021\/04\/phar-768x470.jpg 768w, https:\/\/www.sidwaya.info\/wp-content\/uploads\/2021\/04\/phar-150x92.jpg 150w, https:\/\/www.sidwaya.info\/wp-content\/uploads\/2021\/04\/phar-686x420.jpg 686w, https:\/\/www.sidwaya.info\/wp-content\/uploads\/2021\/04\/phar.jpg 787w\" sizes=\"auto, (max-width: 696px) 100vw, 696px\" alt=\"\" title=\"phar\"\/><\/a><figcaption class=\"wp-caption-text\">La d\u00e9l\u00e9gation de l\u2019Ordre national des pharmaciens du Burkina a demand\u00e9 au Pr\u00e9sident du Faso, Roch Marc Christian Kabor\u00e9, d\u2019\u00eatre le patron du XXe anniversaire.<\/figcaption><\/figure>\n<\/div>\n<p><strong>Le Pr\u00e9sident du Faso, Roch Marc Christian Kabor\u00e9 a re\u00e7u en audience, le lundi 19 avril 2021, l\u2019Ordre national des pharmaciens du Burkina. Les \u00e9changes ont port\u00e9 sur le prochain congr\u00e8s de l\u2019Ordre.<\/strong><\/p>\n<p>L\u2019Ordre national des pharmaciens du Burkina (ONPB) s\u2019appr\u00eate \u00e0 souffler sur sa XXe bougie. Cet anniversaire, qui sera coupl\u00e9 \u00e0 son VIIIe congr\u00e8s, se tiendra du 18 au 20 novembre 2021 \u00e0 Ouagadougou. Il sera plac\u00e9 sous le th\u00e8me : \u00ab Le pharmacien face aux d\u00e9fis des innovations technique et technologique\u00bb. Pour une organisation r\u00e9ussie, l\u2019Ordre est venu solliciter le soutien du Pr\u00e9sident du Faso, Roch Marc Christian Kabor\u00e9. \u00ab Nous sommes venus \u00e9changer avec le pr\u00e9sident du Faso sur l\u2019organisation du XXe anniversaire de l\u2019Ordre national des pharmaciens et de son VIIIe congr\u00e8s \u00bb, a affirm\u00e9 le pr\u00e9sident de l\u2019ONPB, Dr Alfred Sandouidi \u00e0 sa sortie d\u2019audience, le lundi 19 avril 2021.<\/p>\n<p>Il a ajout\u00e9 : \u00ab Nous avons sollicit\u00e9 que ce congr\u00e8s soit tenu sous le tr\u00e8s haut patronage du chef de l\u2019Etat et on se f\u00e9licite qu\u2019il ait accept\u00e9 \u00bb. Il a \u00e9galement indiqu\u00e9 que lors du congr\u00e8s, les professionnels de la pharmacie vont faire une introspection sur le parcours des vingt ann\u00e9es pass\u00e9es, faire une v\u00e9ritable analyse critique des pratiques professionnelles et d\u00e9gager aussi des perspectives de d\u00e9veloppement du secteur pharmaceutique burkinab\u00e8. Au cours de l\u2019audience, la d\u00e9mographie pharmaceutique et la planification du recrutement des futurs pharmaciens ont \u00e9t\u00e9 aussi au menu des \u00e9changes avec le pr\u00e9sident du Faso. Dr Sandouidi a souhait\u00e9, que des initiatives soient prises pour \u00e9viter \u00ab le ch\u00f4mage des jeunes pharmaciens\u00bb, car beaucoup sont form\u00e9s, mais sont confront\u00e9s au probl\u00e8me d\u2019emploi.<\/p>\n<p class=\"c1\"><strong>Abdel Aziz NABALOUM<\/strong><br \/>emirathe@yahoo.fr<\/p>\n<div class=\"td-a-rec td-a-rec-id-content_bottom tdi_33_671 td_block_template_1\">\n<p><img loading=\"lazy\" decoding=\"async\" class=\"aligncenter size-full wp-image-27454\" src=\"https:\/\/www.sidwaya.info\/wp-content\/uploads\/2020\/10\/PUB-Bandeau-paiement-mobile-siteweb.jpg\" alt=\"\" width=\"728\" height=\"90\"\/><\/div>\n<p>Auteur: JK. Sidwaya<br \/>\n<a href=\"https:\/\/www.sidwaya.info\/blog\/2021\/04\/20\/xxe-anniversaire-de-lordre-national-des-pharmaciens-les-organisateurs-sollicitent-le-soutien-du-president-du-faso\/\">Cliquez ici pour lire l&rsquo;article depuis sa source.<\/a><\/p>\n","protected":false},"excerpt":{"rendered":"<p>La d\u00e9l\u00e9gation de l\u2019Ordre national des pharmaciens du Burkina a demand\u00e9 au Pr\u00e9sident du Faso, Roch Marc Christian Kabor\u00e9, d\u2019\u00eatre le patron du XXe anniversaire. Le Pr\u00e9sident du Faso, Roch Marc Christian Kabor\u00e9 a re\u00e7u en audience, le lundi 19 avril 2021, l\u2019Ordre national des pharmaciens du Burkina. Les \u00e9changes ont port\u00e9 sur le prochain [&hellip;]<\/p>\n","protected":false},"author":1816,"featured_media":0,"comment_status":"closed","ping_status":"closed","sticky":false,"template":"","format":"standard","meta":{"fifu_image_url":"https:\/\/www.sidwaya.info\/wp-content\/uploads\/2021\/04\/phar-696x426.jpg","fifu_image_alt":"XXe anniversaire de l\u2019Ordre national des pharmaciens : Les organisateurs sollicitent le soutien du pr\u00e9sident du Faso","footnotes":""},"categories":[73,81],"tags":[],"class_list":["post-115281","post","type-post","status-publish","format-standard","hentry","category-actualite","category-burkina-faso"],"_links":{"self":[{"href":"https:\/\/linitiative.ca\/International\/wp-json\/wp\/v2\/posts\/115281","targetHints":{"allow":["GET"]}}],"collection":[{"href":"https:\/\/linitiative.ca\/International\/wp-json\/wp\/v2\/posts"}],"about":[{"href":"https:\/\/linitiative.ca\/International\/wp-json\/wp\/v2\/types\/post"}],"author":[{"embeddable":true,"href":"https:\/\/linitiative.ca\/International\/wp-json\/wp\/v2\/users\/1816"}],"replies":[{"embeddable":true,"href":"https:\/\/linitiative.ca\/International\/wp-json\/wp\/v2\/comments?post=115281"}],"version-history":[{"count":0,"href":"https:\/\/linitiative.ca\/International\/wp-json\/wp\/v2\/posts\/115281\/revisions"}],"wp:attachment":[{"href":"https:\/\/linitiative.ca\/International\/wp-json\/wp\/v2\/media?parent=115281"}],"wp:term":[{"taxonomy":"category","embeddable":true,"href":"https:\/\/linitiative.ca\/International\/wp-json\/wp\/v2\/categories?post=115281"},{"taxonomy":"post_tag","embeddable":true,"href":"https:\/\/linitiative.ca\/International\/wp-json\/wp\/v2\/tags?post=115281"}],"curies":[{"name":"wp","href":"https:\/\/api.w.org\/{rel}","templated":true}]}}