{"id":115285,"date":"2021-04-20T17:23:50","date_gmt":"2021-04-20T21:23:50","guid":{"rendered":"https:\/\/linitiative.ca\/International\/cooperation-suisse-burkina-faso-plus-de-90-milliards-f-cfa-pour-un-nouveau-programme\/"},"modified":"2021-04-20T17:23:50","modified_gmt":"2021-04-20T21:23:50","slug":"cooperation-suisse-burkina-faso-plus-de-90-milliards-f-cfa-pour-un-nouveau-programme","status":"publish","type":"post","link":"https:\/\/linitiative.ca\/International\/cooperation-suisse-burkina-faso-plus-de-90-milliards-f-cfa-pour-un-nouveau-programme\/","title":{"rendered":"Coop\u00e9ration Suisse-Burkina Faso : Plus de 90 milliards F CFA pour un nouveau programme"},"content":{"rendered":"<div class=\"td-post-featured-image\">\n<figure><a href=\"https:\/\/www.sidwaya.info\/wp-content\/uploads\/2021\/04\/suisse-1.jpg\" data-caption=\"Pour le chef du bureau de Coop\u00e9ration suisse au Burkina Jean-Michel Limat, ce nouveau programme accorde une attention particuli\u00e8re aux populations vuln\u00e9rables.\"><img loading=\"lazy\" decoding=\"async\" width=\"696\" height=\"464\" class=\"entry-thumb td-modal-image\" src=\"https:\/\/www.sidwaya.info\/wp-content\/uploads\/2021\/04\/suisse-1-696x464.jpg\" srcset=\"https:\/\/www.sidwaya.info\/wp-content\/uploads\/2021\/04\/suisse-1-696x464.jpg 696w, https:\/\/www.sidwaya.info\/wp-content\/uploads\/2021\/04\/suisse-1-300x200.jpg 300w, https:\/\/www.sidwaya.info\/wp-content\/uploads\/2021\/04\/suisse-1-768x512.jpg 768w, https:\/\/www.sidwaya.info\/wp-content\/uploads\/2021\/04\/suisse-1-150x100.jpg 150w, https:\/\/www.sidwaya.info\/wp-content\/uploads\/2021\/04\/suisse-1-630x420.jpg 630w, https:\/\/www.sidwaya.info\/wp-content\/uploads\/2021\/04\/suisse-1.jpg 787w\" sizes=\"auto, (max-width: 696px) 100vw, 696px\" alt=\"\" title=\"suisse\"\/><\/a><figcaption class=\"wp-caption-text\">Pour le chef du bureau de Coop\u00e9ration suisse au Burkina Jean-Michel Limat, ce nouveau programme accorde une attention particuli\u00e8re aux populations vuln\u00e9rables.<\/figcaption><\/figure>\n<\/div>\n<p><strong>La d\u00e9l\u00e9gation du conseil de la f\u00e9d\u00e9ration suisse, conduite par son pr\u00e9sident, Andreas Aebi, a pr\u00e9sent\u00e9 le nouveau programme de coop\u00e9ration au Burkina Faso d\u2019un montant de plus de 90 milliards de F CFA, le lundi 19 avril 2021 \u00e0 Ouagadougou.<\/strong><\/p>\n<p>Le budget du programme de coop\u00e9ration suisse au Burkina, pr\u00e9vu pour la p\u00e9riode 2021-2025, passe d\u00e9sormais \u00e0 environ 90 milliards 650 millions francs CFA. Il correspond \u00e0 un budget annuel de 18 milliards 350 millions francs CFA, soit une augmentation de 15 % par rapport au programme pr\u00e9c\u00e9dent. L\u2019information a \u00e9t\u00e9 donn\u00e9e par le chef du bureau de Coop\u00e9ration suisse au Burkina Faso, Jean-Michel Limat, au cours d\u2019un cocktail dinatoire, le lundi 19 avril 2021 \u00e0 Ouagadougou. Ce programme de coop\u00e9ration, selon M. Limat a la sp\u00e9cificit\u00e9 de contenir des programmes ayant une port\u00e9e nationale et couvrant l\u2019ensemble du pays avec un focus plus local, permettant une meilleure efficacit\u00e9 par rapport \u00e0 des probl\u00e9matiques cibl\u00e9es. Il s\u2019agit des interventions r\u00e9pondant \u00e0 un triple objectif g\u00e9n\u00e9ral \u00e0 savoir : la sauvegarde des acquis du d\u00e9veloppement, la r\u00e9duction des souffrances et la r\u00e9ponse \u00e0 l\u2019urgence humanitaire et la promotion de la paix.<\/p>\n<p>La Suisse, dans ce nouveau programme, a pr\u00e9cis\u00e9 M. Limat, maintient les m\u00eames domaines d\u2019intervention que dans la strat\u00e9gie pr\u00e9c\u00e9dente. \u00ab Le premier domaine est la gouvernance et la d\u00e9mocratie. A cette fin, elle s\u2019engage \u00e0 travailler davantage sur la coh\u00e9sion sociale et le renforcement de la d\u00e9mocratie. La grande nouveaut\u00e9 dans ce domaine est que la Suisse s\u2019engage dans un nouveau programme de gouvernance de l\u2019artisan minier afin que ce secteur devienne un r\u00e9el levier de d\u00e9veloppement pour les populations \u00bb, a d\u00e9clar\u00e9 le chef du bureau de Coop\u00e9ration suisse. En ce qui concerne le deuxi\u00e8me domaine, il a cit\u00e9 l\u2019\u00e9ducation et la formation professionnelle. Pour ce qui est du troisi\u00e8me domaine, il s\u2019agit du d\u00e9veloppement \u00e9conomique local.<\/p>\n<h3>Accent accord\u00e9 \u00e0 la lutte contre le changement climatique<\/h3>\n<figure id=\"attachment_34596\" aria-describedby=\"caption-attachment-34596\" class=\"wp-caption alignright c1\"><img decoding=\"async\" loading=\"lazy\" class=\"size-medium wp-image-34596\" src=\"https:\/\/www.sidwaya.info\/wp-content\/uploads\/2021\/04\/suisse2-300x200.jpg\" alt=\"\" width=\"300\" height=\"200\" srcset=\"https:\/\/www.sidwaya.info\/wp-content\/uploads\/2021\/04\/suisse2-300x200.jpg 300w, https:\/\/www.sidwaya.info\/wp-content\/uploads\/2021\/04\/suisse2-768x512.jpg 768w, https:\/\/www.sidwaya.info\/wp-content\/uploads\/2021\/04\/suisse2-150x100.jpg 150w, https:\/\/www.sidwaya.info\/wp-content\/uploads\/2021\/04\/suisse2-696x464.jpg 696w, https:\/\/www.sidwaya.info\/wp-content\/uploads\/2021\/04\/suisse2-630x420.jpg 630w, https:\/\/www.sidwaya.info\/wp-content\/uploads\/2021\/04\/suisse2.jpg 787w\" sizes=\"auto, (max-width: 300px) 100vw, 300px\"\/><figcaption id=\"caption-attachment-34596\" class=\"wp-caption-text\">La pr\u00e9sentation du nouveau programme s\u2019est faite en pr\u00e9sence du pr\u00e9sident<br \/>de l\u2019Assembl\u00e9e nationale Alassane Bala Sakand\u00e9 (3e de gauche \u00e0 droite).<\/figcaption><\/figure>\n<p>\u00ab La Suisse \u0153uvre \u00e0 ce qu\u2019une \u00e9conomie locale r\u00e9siliente contribue \u00e0 la s\u00e9curit\u00e9 alimentaire, \u00e0 l\u2019emploi et \u00e0 des revenus durables. Un accent particulier est accord\u00e9 \u00e0 la lutte contre le changement climatique ainsi qu\u2019au renforcement des m\u00e9canismes de r\u00e9silience des populations face \u00e0 ces derniers \u00bb, a-t-il pr\u00e9cis\u00e9. Quant au quatri\u00e8me domaine, il est li\u00e9 aux appuis macro\u00e9conomiques. A ce niveau, Jean-Michel Limat a assur\u00e9 que son pays s\u2019est engag\u00e9 pour une mise en \u0153uvre des politiques macro\u00e9conomiques coh\u00e9rentes qui induisent une croissance \u00e9conomique soutenue et un d\u00e9veloppement inclusif.<\/p>\n<p>Selon le Premier ministre, Christophe Joseph Marie Dabir\u00e9, repr\u00e9sent\u00e9 par la ministre d\u00e9l\u00e9gu\u00e9e charg\u00e9e de l\u2019Am\u00e9nagement du territoire et de la Prospective, Pauline Zour\u00e9, l\u2019exp\u00e9rience de la coop\u00e9ration entre le Burkina Faso et la Suisse qui date depuis plus de quatre d\u00e9cennies est un exemple illustratif de cette volont\u00e9 de partenariat fructueux mettant en avant des relations d\u2019amiti\u00e9 et d\u2019entraide mutuelle, entre les deux peuples. A l\u2019en croire, c\u2019est l\u2019exemple type d\u2019une coop\u00e9ration bilat\u00e9rale dynamique qui embrasse plusieurs secteurs de d\u00e9veloppement comme la gouvernance, la d\u00e9mocratie, l\u2019\u00e9ducation de base, la formation professionnelle, le d\u00e9veloppement \u00e9conomique local et la gestion macro\u00e9conomique.<\/p>\n<p>\u00ab Je voudrais me f\u00e9liciter des r\u00e9sultats obtenus avec les diff\u00e9rents acteurs de mise en \u0153uvre des projets et programmes de d\u00e9veloppement, dans le cadre des programmes de coop\u00e9ration et en particulier celui de la p\u00e9riode 2017-2020 dont les axes d\u2019intervention ont \u00e9t\u00e9 align\u00e9s de fa\u00e7on pertinente sur les politiques de d\u00e9veloppement du Burkina Faso, pr\u00e9sent\u00e9 dans le plan national de d\u00e9veloppement \u00e9conomique et social 2016-2020 \u00bb, a-t-il appr\u00e9ci\u00e9. Pour le pr\u00e9sident du conseil de la f\u00e9d\u00e9ration suisse, Andreas Aebi, l\u2019objectif de la politique ext\u00e9rieure de son pays au Burkina Faso est de b\u00e2tir sur les succ\u00e8s enregistr\u00e9s en mati\u00e8re de d\u00e9veloppement, tout en affrontant les nouveaux d\u00e9fis et crises qui s\u00e9vissent dans la r\u00e9gion.<\/p>\n<p class=\"c2\">\u00ab La Suisse reste donc pr\u00e9sente dans les moments difficiles qui, nous l\u2019esp\u00e9rons, seront derri\u00e8re nous tr\u00e8s bient\u00f4t. Je veux citer la crise s\u00e9curitaire au Sahel et plus particuli\u00e8rement au Burkina Faso avec son corollaire de crise humanitaire li\u00e9e aux personnes d\u00e9plac\u00e9es internes et la pand\u00e9mie de la COVID-19 \u00bb, a indiqu\u00e9 Andreas Aebi.<\/p>\n<p class=\"c3\"><strong>Pat\u00e9n\u00e9ma Oumar OUEDRAOGO<\/strong><\/p>\n<div class=\"td-a-rec td-a-rec-id-content_bottom tdi_33_666 td_block_template_1\">\n<p><img loading=\"lazy\" decoding=\"async\" class=\"aligncenter size-full wp-image-27454\" src=\"https:\/\/www.sidwaya.info\/wp-content\/uploads\/2020\/10\/PUB-Bandeau-paiement-mobile-siteweb.jpg\" alt=\"\" width=\"728\" height=\"90\"\/><\/div>\n<p>Auteur: JK. Sidwaya<br \/>\n<a href=\"https:\/\/www.sidwaya.info\/blog\/2021\/04\/20\/cooperation-suisse-burkina-faso-plus-de-90-milliards-f-cfa-pour-un-nouveau-programme\/\">Cliquez ici pour lire l&rsquo;article depuis sa source.<\/a><\/p>\n","protected":false},"excerpt":{"rendered":"<p>Pour le chef du bureau de Coop\u00e9ration suisse au Burkina Jean-Michel Limat, ce nouveau programme accorde une attention particuli\u00e8re aux populations vuln\u00e9rables. La d\u00e9l\u00e9gation du conseil de la f\u00e9d\u00e9ration suisse, conduite par son pr\u00e9sident, Andreas Aebi, a pr\u00e9sent\u00e9 le nouveau programme de coop\u00e9ration au Burkina Faso d\u2019un montant de plus de 90 milliards de F [&hellip;]<\/p>\n","protected":false},"author":1816,"featured_media":0,"comment_status":"closed","ping_status":"closed","sticky":false,"template":"","format":"standard","meta":{"fifu_image_url":"https:\/\/www.sidwaya.info\/wp-content\/uploads\/2021\/04\/suisse-1-696x464.jpg","fifu_image_alt":"Coop\u00e9ration Suisse-Burkina Faso : Plus de 90 milliards F CFA pour un nouveau programme","footnotes":""},"categories":[73,81],"tags":[],"class_list":["post-115285","post","type-post","status-publish","format-standard","hentry","category-actualite","category-burkina-faso"],"_links":{"self":[{"href":"https:\/\/linitiative.ca\/International\/wp-json\/wp\/v2\/posts\/115285","targetHints":{"allow":["GET"]}}],"collection":[{"href":"https:\/\/linitiative.ca\/International\/wp-json\/wp\/v2\/posts"}],"about":[{"href":"https:\/\/linitiative.ca\/International\/wp-json\/wp\/v2\/types\/post"}],"author":[{"embeddable":true,"href":"https:\/\/linitiative.ca\/International\/wp-json\/wp\/v2\/users\/1816"}],"replies":[{"embeddable":true,"href":"https:\/\/linitiative.ca\/International\/wp-json\/wp\/v2\/comments?post=115285"}],"version-history":[{"count":0,"href":"https:\/\/linitiative.ca\/International\/wp-json\/wp\/v2\/posts\/115285\/revisions"}],"wp:attachment":[{"href":"https:\/\/linitiative.ca\/International\/wp-json\/wp\/v2\/media?parent=115285"}],"wp:term":[{"taxonomy":"category","embeddable":true,"href":"https:\/\/linitiative.ca\/International\/wp-json\/wp\/v2\/categories?post=115285"},{"taxonomy":"post_tag","embeddable":true,"href":"https:\/\/linitiative.ca\/International\/wp-json\/wp\/v2\/tags?post=115285"}],"curies":[{"name":"wp","href":"https:\/\/api.w.org\/{rel}","templated":true}]}}