{"id":115288,"date":"2021-04-20T14:07:01","date_gmt":"2021-04-20T18:07:01","guid":{"rendered":"https:\/\/linitiative.ca\/International\/cameroun-deces-didriss-deby-les-condoleances-de-paul-biya-au-peuple-tchadien\/"},"modified":"2021-04-20T14:07:01","modified_gmt":"2021-04-20T18:07:01","slug":"cameroun-deces-didriss-deby-les-condoleances-de-paul-biya-au-peuple-tchadien","status":"publish","type":"post","link":"https:\/\/linitiative.ca\/International\/cameroun-deces-didriss-deby-les-condoleances-de-paul-biya-au-peuple-tchadien\/","title":{"rendered":"Cameroun \u2013 D\u00e9c\u00e8s d\u2019Idriss D\u00e9by : les condol\u00e9ances de Paul Biya au peuple tchadien"},"content":{"rendered":"<div readability=\"32\">\n<p>Publi\u00e9 le 20.04.2021 \u00e0 19h07 par Christian Djimadeu<\/p>\n<\/div>\n<div readability=\"61\">\n<h5 class=\"c9\">Le chef de l\u2019Etat camerounais a adress\u00e9 ce 20 avril un message au pr\u00e9sident du Conseil militaire de transition du Tchad, dans lequel il exprime sa compassion et celle de son pays.<\/h5>\n<p class=\"c10\">Suite au d\u00e9c\u00e8s ce jour du pr\u00e9sident de la R\u00e9publique du Tchad <strong>Idriss Deby Itno<\/strong>, son homologue camerounais, <strong>Paul Biya<\/strong>, a adress\u00e9 une correspondance \u00e0 Mahamat Idriss Deby Itno, d\u00e9sign\u00e9 pr\u00e9sident du Conseil Militaire de Transition (CMT).<\/p>\n<p class=\"c10\">\u00ab\u00a0<em>Je salue la m\u00e9moire de cet \u00e9minent Chef d\u2019Etat et Fr\u00e8re. La disparition du Mar\u00e9chal du Tchad, son Excellence Idriss DEBY ITNO, est une immense perte pour votre pays, l\u2019Afrique Centrale et notre continent, qu\u2019il aura servi sans rel\u00e2che, et durant de longues ann\u00e9es<\/em>\u00a0\u00bb, \u00e9crit d\u2019entr\u00e9e de jeu Paul Biya.<\/p>\n<p class=\"c10\">Le pr\u00e9sident camerounais adresse ensuite sa compassion et celle de son peuple. \u00ab\u00a0<em>Je tiens en cette tragique circonstance \u00e0 vous adresser, ainsi qu\u2019\u00e0 Madame Hinda Deby Itno, au Gouvernement et \u00e0 la Nation Tchadienne endeuill\u00e9s, Mes condol\u00e9ances les plus sinc\u00e8res. J\u2019y associe le sentiment de solidarit\u00e9 fraternelle du Peuple Camerounais et la compassion \u00e9mue de mon Epouse\u00a0<\/em>\u00bb.<\/p>\n<p class=\"c10\">Rappelons que Paul Biya et Idriss Deby Itno entretenaient de bonnes relations sur les plans personnel et diplomatique. L\u2019un des faits saillants \u00a0est la mise en commun \u00a0les moyens militaires pour lutter contre le terrorisme de <strong>Boko Haram<\/strong> dans la l\u2019Extr\u00eame-Nord du Cameroun.<\/p>\n<\/div>\n<p>Auteur: Christian DJIMADEU<br \/>\n<a href=\"https:\/\/www.journalducameroun.com\/cameroun-deces-didriss-deby-les-condoleances-de-paul-biya-au-peuple-tchadien-cameroun\/\">Cliquez ici pour lire l&rsquo;article depuis sa source.<\/a><\/p>\n","protected":false},"excerpt":{"rendered":"<p>Publi\u00e9 le 20.04.2021 \u00e0 19h07 par Christian Djimadeu Le chef de l\u2019Etat camerounais a adress\u00e9 ce 20 avril un message au pr\u00e9sident du Conseil militaire de transition du Tchad, dans lequel il exprime sa compassion et celle de son pays. Suite au d\u00e9c\u00e8s ce jour du pr\u00e9sident de la R\u00e9publique du Tchad Idriss Deby Itno, [&hellip;]<\/p>\n","protected":false},"author":1965,"featured_media":0,"comment_status":"closed","ping_status":"closed","sticky":false,"template":"","format":"standard","meta":{"fifu_image_url":"","fifu_image_alt":"","footnotes":""},"categories":[73,82],"tags":[],"class_list":["post-115288","post","type-post","status-publish","format-standard","hentry","category-actualite","category-cameroun"],"_links":{"self":[{"href":"https:\/\/linitiative.ca\/International\/wp-json\/wp\/v2\/posts\/115288","targetHints":{"allow":["GET"]}}],"collection":[{"href":"https:\/\/linitiative.ca\/International\/wp-json\/wp\/v2\/posts"}],"about":[{"href":"https:\/\/linitiative.ca\/International\/wp-json\/wp\/v2\/types\/post"}],"author":[{"embeddable":true,"href":"https:\/\/linitiative.ca\/International\/wp-json\/wp\/v2\/users\/1965"}],"replies":[{"embeddable":true,"href":"https:\/\/linitiative.ca\/International\/wp-json\/wp\/v2\/comments?post=115288"}],"version-history":[{"count":0,"href":"https:\/\/linitiative.ca\/International\/wp-json\/wp\/v2\/posts\/115288\/revisions"}],"wp:attachment":[{"href":"https:\/\/linitiative.ca\/International\/wp-json\/wp\/v2\/media?parent=115288"}],"wp:term":[{"taxonomy":"category","embeddable":true,"href":"https:\/\/linitiative.ca\/International\/wp-json\/wp\/v2\/categories?post=115288"},{"taxonomy":"post_tag","embeddable":true,"href":"https:\/\/linitiative.ca\/International\/wp-json\/wp\/v2\/tags?post=115288"}],"curies":[{"name":"wp","href":"https:\/\/api.w.org\/{rel}","templated":true}]}}