{"id":115289,"date":"2021-04-20T15:18:02","date_gmt":"2021-04-20T19:18:02","guid":{"rendered":"https:\/\/linitiative.ca\/International\/tchad-les-obseques-didriss-deby-prevues-vendredi\/"},"modified":"2021-04-20T15:18:02","modified_gmt":"2021-04-20T19:18:02","slug":"tchad-les-obseques-didriss-deby-prevues-vendredi","status":"publish","type":"post","link":"https:\/\/linitiative.ca\/International\/tchad-les-obseques-didriss-deby-prevues-vendredi\/","title":{"rendered":"Tchad : les obs\u00e8ques d\u2019Idriss D\u00e9by pr\u00e9vues vendredi"},"content":{"rendered":"<div readability=\"32\">\n<p>Publi\u00e9 le 20.04.2021 \u00e0 20h18 par APA News<\/p>\n<\/div>\n<div readability=\"59\">\n<p>Un hommage national sera rendu, ce 23 avril, au d\u00e9funt pr\u00e9sident \u00e0 la Place de la Nation \u00e0 N\u2019Djamena.La pr\u00e9sidence de la R\u00e9publique du Tchad, dans un communiqu\u00e9 re\u00e7u \u00e0 APA, annonce que la c\u00e9r\u00e9monie d\u00e9butera \u00e0 9 heures.<\/p>\n<p>Elle sera marqu\u00e9e par \u00ab des honneurs militaires, un d\u00e9p\u00f4t de gerbe de fleurs, une oraison fun\u00e8bre lue par le vice-pr\u00e9sident du Conseil militaire de Transition et un d\u00e9p\u00f4t des attributs du mar\u00e9chalat sur la d\u00e9pouille du pr\u00e9sident \u00bb.<\/p>\n<p>A lire aussi: Mort d\u2019Idriss D\u00e9by : l\u2019arm\u00e9e prend le pouvoir au Tchad<\/p>\n<p>Apr\u00e8s, le corps sera remis \u00e0 la famille \u00e9plor\u00e9e. L\u2019inhumation est pr\u00e9vue au cimeti\u00e8re d\u2019Amdjarass (Est), dans la plus stricte intimit\u00e9 familiale. Le service Protocole de la pr\u00e9sidence de la R\u00e9publique tchadienne a n\u00e9anmoins annonc\u00e9 la participation de chefs d\u2019Etat \u00e9trangers.<\/p>\n<p>A l\u2019heure actuelle, le Conseil militaire de la Transition (CMT) a install\u00e9 Mahamat Idriss D\u00e9by, fils du d\u00e9funt pr\u00e9sident, \u00e0 la t\u00eate du Tchad dont le gouvernement et l\u2019Assembl\u00e9e nationale ont \u00e9t\u00e9 dissouts.<\/p>\n<\/div>\n<p>Auteur: APA News<br \/>\n<a href=\"https:\/\/www.journalducameroun.com\/tchad-les-obseques-didriss-deby-prevues-vendredi\/\">Cliquez ici pour lire l&rsquo;article depuis sa source.<\/a><\/p>\n","protected":false},"excerpt":{"rendered":"<p>Publi\u00e9 le 20.04.2021 \u00e0 20h18 par APA News Un hommage national sera rendu, ce 23 avril, au d\u00e9funt pr\u00e9sident \u00e0 la Place de la Nation \u00e0 N\u2019Djamena.La pr\u00e9sidence de la R\u00e9publique du Tchad, dans un communiqu\u00e9 re\u00e7u \u00e0 APA, annonce que la c\u00e9r\u00e9monie d\u00e9butera \u00e0 9 heures. Elle sera marqu\u00e9e par \u00ab des honneurs militaires, [&hellip;]<\/p>\n","protected":false},"author":1965,"featured_media":0,"comment_status":"closed","ping_status":"closed","sticky":false,"template":"","format":"standard","meta":{"fifu_image_url":"","fifu_image_alt":"","footnotes":""},"categories":[73,82],"tags":[],"class_list":["post-115289","post","type-post","status-publish","format-standard","hentry","category-actualite","category-cameroun"],"_links":{"self":[{"href":"https:\/\/linitiative.ca\/International\/wp-json\/wp\/v2\/posts\/115289","targetHints":{"allow":["GET"]}}],"collection":[{"href":"https:\/\/linitiative.ca\/International\/wp-json\/wp\/v2\/posts"}],"about":[{"href":"https:\/\/linitiative.ca\/International\/wp-json\/wp\/v2\/types\/post"}],"author":[{"embeddable":true,"href":"https:\/\/linitiative.ca\/International\/wp-json\/wp\/v2\/users\/1965"}],"replies":[{"embeddable":true,"href":"https:\/\/linitiative.ca\/International\/wp-json\/wp\/v2\/comments?post=115289"}],"version-history":[{"count":0,"href":"https:\/\/linitiative.ca\/International\/wp-json\/wp\/v2\/posts\/115289\/revisions"}],"wp:attachment":[{"href":"https:\/\/linitiative.ca\/International\/wp-json\/wp\/v2\/media?parent=115289"}],"wp:term":[{"taxonomy":"category","embeddable":true,"href":"https:\/\/linitiative.ca\/International\/wp-json\/wp\/v2\/categories?post=115289"},{"taxonomy":"post_tag","embeddable":true,"href":"https:\/\/linitiative.ca\/International\/wp-json\/wp\/v2\/tags?post=115289"}],"curies":[{"name":"wp","href":"https:\/\/api.w.org\/{rel}","templated":true}]}}