{"id":115290,"date":"2021-04-20T15:18:03","date_gmt":"2021-04-20T19:18:03","guid":{"rendered":"https:\/\/linitiative.ca\/International\/deces-de-deby-ouattara-salue-la-memoire-dun-homme-courageux\/"},"modified":"2021-04-20T15:18:03","modified_gmt":"2021-04-20T19:18:03","slug":"deces-de-deby-ouattara-salue-la-memoire-dun-homme-courageux","status":"publish","type":"post","link":"https:\/\/linitiative.ca\/International\/deces-de-deby-ouattara-salue-la-memoire-dun-homme-courageux\/","title":{"rendered":"D\u00e9c\u00e8s de D\u00e9by: Ouattara salue la m\u00e9moire d\u2019un  \u00abhomme courageux\u00bb"},"content":{"rendered":"<div readability=\"32\">\n<p>Publi\u00e9 le 20.04.2021 \u00e0 20h18 par APA News<\/p>\n<\/div>\n<div readability=\"57\">\n<p>Le pr\u00e9sident ivoirien Alassane Ouattara a salu\u00e9 la m\u00e9moire d\u2019un \u00abgrand patriote et d\u2019un homme courageux\u00bb apr\u00e8s le d\u00e9c\u00e8s tragique, mardi, du pr\u00e9sident tchadien, Idriss D\u00e9by Itno, \u00e0 l\u2019\u00e2ge de 68 ans.<\/p>\n<p>Le pr\u00e9sident tchadien a succomb\u00e9 \u00e0 ses blessures apr\u00e8s des affrontements le week-end dernier avec des rebelles.\u00a0<\/p>\n<p>\u00ab C\u2019est avec consternation que j\u2019ai appris le d\u00e9c\u00e8s tragique de mon ami et fr\u00e8re, le pr\u00e9sident Idriss D\u00e9by Itno. Je salue la m\u00e9moire d\u2019un grand patriote, un homme courageux et engag\u00e9 pour la paix au Sahel \u00bb, a \u00e9crit Alassane Ouattara sur son compte officiel Facebook adressant ses condol\u00e9ances \u00a0\u00abau peuple fr\u00e8re\u00bb de la R\u00e9publique du Tchad.<\/p>\n<p>Idriss D\u00e9by Itno avait \u00e9t\u00e9 r\u00e9\u00e9lu apr\u00e8s la pr\u00e9sidentielle du 12 avril dernier pour un sixi\u00e8me mandat \u00e0 la t\u00eate du Tchad qu\u2019il dirige depuis une trentaine d\u2019ann\u00e9es.<\/p>\n<p>Une transition militaire a \u00e9t\u00e9 mise en place et est pr\u00e9sid\u00e9e par le g\u00e9n\u00e9ral Mahamat Idriss D\u00e9by, le fils du pr\u00e9sident D\u00e9by qui \u00e9tait le responsable de la garde pr\u00e9sidentielle. Cette transition \u00a0devrait durer 18 mois avant d\u2019organiser de nouvelles \u00e9lections.<\/p>\n<\/div>\n<p>Auteur: APA News<br \/>\n<a href=\"https:\/\/www.journalducameroun.com\/deces-de-deby-ouattara-salue-la-memoire-dun-homme-courageux\/\">Cliquez ici pour lire l&rsquo;article depuis sa source.<\/a><\/p>\n","protected":false},"excerpt":{"rendered":"<p>Publi\u00e9 le 20.04.2021 \u00e0 20h18 par APA News Le pr\u00e9sident ivoirien Alassane Ouattara a salu\u00e9 la m\u00e9moire d\u2019un \u00abgrand patriote et d\u2019un homme courageux\u00bb apr\u00e8s le d\u00e9c\u00e8s tragique, mardi, du pr\u00e9sident tchadien, Idriss D\u00e9by Itno, \u00e0 l\u2019\u00e2ge de 68 ans. Le pr\u00e9sident tchadien a succomb\u00e9 \u00e0 ses blessures apr\u00e8s des affrontements le week-end dernier avec [&hellip;]<\/p>\n","protected":false},"author":1965,"featured_media":0,"comment_status":"closed","ping_status":"closed","sticky":false,"template":"","format":"standard","meta":{"fifu_image_url":"","fifu_image_alt":"","footnotes":""},"categories":[73,82],"tags":[],"class_list":["post-115290","post","type-post","status-publish","format-standard","hentry","category-actualite","category-cameroun"],"_links":{"self":[{"href":"https:\/\/linitiative.ca\/International\/wp-json\/wp\/v2\/posts\/115290","targetHints":{"allow":["GET"]}}],"collection":[{"href":"https:\/\/linitiative.ca\/International\/wp-json\/wp\/v2\/posts"}],"about":[{"href":"https:\/\/linitiative.ca\/International\/wp-json\/wp\/v2\/types\/post"}],"author":[{"embeddable":true,"href":"https:\/\/linitiative.ca\/International\/wp-json\/wp\/v2\/users\/1965"}],"replies":[{"embeddable":true,"href":"https:\/\/linitiative.ca\/International\/wp-json\/wp\/v2\/comments?post=115290"}],"version-history":[{"count":0,"href":"https:\/\/linitiative.ca\/International\/wp-json\/wp\/v2\/posts\/115290\/revisions"}],"wp:attachment":[{"href":"https:\/\/linitiative.ca\/International\/wp-json\/wp\/v2\/media?parent=115290"}],"wp:term":[{"taxonomy":"category","embeddable":true,"href":"https:\/\/linitiative.ca\/International\/wp-json\/wp\/v2\/categories?post=115290"},{"taxonomy":"post_tag","embeddable":true,"href":"https:\/\/linitiative.ca\/International\/wp-json\/wp\/v2\/tags?post=115290"}],"curies":[{"name":"wp","href":"https:\/\/api.w.org\/{rel}","templated":true}]}}