{"id":115291,"date":"2021-04-20T07:48:35","date_gmt":"2021-04-20T11:48:35","guid":{"rendered":"https:\/\/linitiative.ca\/International\/le-marechal-idriss-deby-itno-nest-plus\/"},"modified":"2021-04-20T07:48:35","modified_gmt":"2021-04-20T11:48:35","slug":"le-marechal-idriss-deby-itno-nest-plus","status":"publish","type":"post","link":"https:\/\/linitiative.ca\/International\/le-marechal-idriss-deby-itno-nest-plus\/","title":{"rendered":"Le Mar\u00e9chal Idriss Deby Itno n\u2019est plus"},"content":{"rendered":"<p>La nouvelle est tomb\u00e9e tel un couperet en ce d\u00e9but d\u2019apr\u00e8s-midi de la journ\u00e9e du 20 avril 2021. \u00ab\u00a0Le pr\u00e9sident de la R\u00e9publique, chef de l\u2019Etat et chef supr\u00eame des forces arm\u00e9es, Idriss D\u00e9by Itno, vient de souffler son dernier souffle dans la d\u00e9fense de l\u2019int\u00e9grit\u00e9 territoriale sur le champ de bataille\u00a0\u00bb, fait savoir le porte-parole de l\u2019Arm\u00e9e tchadienne, le g\u00e9n\u00e9ral Azem Bermandoa Agouna, dans un communiqu\u00e9 publi\u00e9 sur TV Chad.<\/p>\n<p>L\u2019ex chef de l\u2019Etat aurait alors succomb\u00e9 \u00e0 des blessures re\u00e7ues au combat ces derniers jours dans la r\u00e9gion du Kanem, situ\u00e9e au Nord du pays face aux rebelles du\u00a0Front pour l\u2019alternance et la concorde au Tchad (Fact). Mont\u00e9e au front dimanche et lundi, il aurait \u00e9t\u00e9\u00a0touch\u00e9 dans une man\u0153uvre, puis rapatri\u00e9 \u00e0 N\u2019Djamena dans la soir\u00e9e, avant de succomber vers 1 heure du matin.<\/p>\n<p>Suite \u00e0 ce d\u00e9c\u00e8s, l\u2019arm\u00e9e a annonc\u00e9 la dissolution du gouvernement et de l\u2019Assembl\u00e9e nationale et la mise en place d\u2019un Conseil militaire de transition. Celui-ci, aura une dur\u00e9e de dix-huit mois et sera dirig\u00e9e par Mahamat Idriss D\u00e9by, le dernier, fils d\u2019Idriss D\u00e9by Itno. Ce dernier qui est par ailleurs g\u00e9n\u00e9ral de l\u2019arm\u00e9e tchadienne et dirige la Direction g\u00e9n\u00e9rale des services de s\u00e9curit\u00e9 des institutions de l\u2019\u00c9tat (Dgssie), dont fait partie la garde pr\u00e9sidentielle.<\/p>\n<p>Indiquons que si dor\u00e9navant la gestion de l\u2019Etat revient au Conseil militaire, la constitution tchadienne pr\u00e9voit qu\u2019en cas de vacances ou de d\u00e9c\u00e8s du pr\u00e9sident, l\u2019int\u00e9rim est assur\u00e9e par le vice-pr\u00e9sident. Vice-pr\u00e9sident dont ne dispose pas encore le pays. Pour l\u2019heure, un couvre-feu a \u00e9t\u00e9 instaur\u00e9 dans le pays et les fronti\u00e8res sont ferm\u00e9es.<\/p>\n<p><strong>30 ans de pouvoir<\/strong><\/p>\n<p>Idriss Deby Itno d\u00e9c\u00e8de en pleine \u00e9lection pr\u00e9sidentielle au Tchad. Ce dernier candidat \u00e0 sa propre succession, pour un sixi\u00e8me mandant venait de remporter le premier tour des \u00e9lections. C\u2019est dans la soir\u00e9e du lundi 19 avril, qu\u2019il avait \u00e9t\u00e9 annonc\u00e9 vainqueur avec 79,32% des voix. C\u2019est depuis 1990 qu\u2019Idriss Deby Itno dirige le Tchad d\u2019une main de fer. Il avait succ\u00e9d\u00e9 \u00e0 ce poste \u00e0 Hissen Habr\u00e9, \u00e9vinc\u00e9 du pouvoir suite \u00e0 un coup d\u2019Etat par Idriss Deby. Les diff\u00e9rents mandats de Idris Deby vont alors de 1996 \u00e0 2001, premier mandat\u00a0; 2001 \u00e0 2006, deuxi\u00e8me mandant\u00a0; 2006 \u00e0 2011, troisi\u00e8me mandant, 2011 \u00e0 2016, quatri\u00e8me mandant et enfin de 2016 \u00e0 2021.<\/p>\n<p><strong>Biographie<\/strong><\/p>\n<p>N\u00e9 le 18 juin 1952 \u00e0 Berdoba, feu Idriss Deby Itno, \u00e9tait mari\u00e9 \u00e0 Hinda Deby Itno et p\u00e8re de trois enfants. D\u2019ob\u00e9dience musulmane, il \u00e9tait le fils d\u2019un berger pauvre du clan bideyat faisant partie du groupe ethnique zaghawa que l\u2019on trouve des deux c\u00f4t\u00e9s de la fronti\u00e8re tchado-soudanaise. Les Zaghawas sont proches du peuple Toubou.<\/p>\n<p>Apr\u00e8s avoir pass\u00e9 son baccalaur\u00e9at, il entre \u00e0 l\u2019\u00e9cole d\u2019officiers de N\u2019Djam\u00e9na puis obtient en 1976 une licence de pilote professionnel en France (sp\u00e9cialit\u00e9 transport des troupes) \u00e0 l\u2019Institut a\u00e9ronautique Amaury de la Grange. Sur le plan continental, il aura occup\u00e9 entre autre fonctions celle de Pr\u00e9sident de pr\u00e9sident de l\u2019Union africaine, apr\u00e8s Robert Mugabe.<\/p>\n<p>Auteur: Cindy MBALA<br \/>\n<a href=\"https:\/\/ecomatin.net\/le-marchal-idriss-deby-itno-nestt-plus\/\">Cliquez ici pour lire l&rsquo;article depuis sa source.<\/a><\/p>\n","protected":false},"excerpt":{"rendered":"<p>La nouvelle est tomb\u00e9e tel un couperet en ce d\u00e9but d\u2019apr\u00e8s-midi de la journ\u00e9e du 20 avril 2021. \u00ab\u00a0Le pr\u00e9sident de la R\u00e9publique, chef de l\u2019Etat et chef supr\u00eame des forces arm\u00e9es, Idriss D\u00e9by Itno, vient de souffler son dernier souffle dans la d\u00e9fense de l\u2019int\u00e9grit\u00e9 territoriale sur le champ de bataille\u00a0\u00bb, fait savoir le [&hellip;]<\/p>\n","protected":false},"author":1969,"featured_media":0,"comment_status":"closed","ping_status":"closed","sticky":false,"template":"","format":"standard","meta":{"fifu_image_url":"","fifu_image_alt":"","footnotes":""},"categories":[82,78],"tags":[],"class_list":["post-115291","post","type-post","status-publish","format-standard","hentry","category-cameroun","category-economie"],"_links":{"self":[{"href":"https:\/\/linitiative.ca\/International\/wp-json\/wp\/v2\/posts\/115291","targetHints":{"allow":["GET"]}}],"collection":[{"href":"https:\/\/linitiative.ca\/International\/wp-json\/wp\/v2\/posts"}],"about":[{"href":"https:\/\/linitiative.ca\/International\/wp-json\/wp\/v2\/types\/post"}],"author":[{"embeddable":true,"href":"https:\/\/linitiative.ca\/International\/wp-json\/wp\/v2\/users\/1969"}],"replies":[{"embeddable":true,"href":"https:\/\/linitiative.ca\/International\/wp-json\/wp\/v2\/comments?post=115291"}],"version-history":[{"count":0,"href":"https:\/\/linitiative.ca\/International\/wp-json\/wp\/v2\/posts\/115291\/revisions"}],"wp:attachment":[{"href":"https:\/\/linitiative.ca\/International\/wp-json\/wp\/v2\/media?parent=115291"}],"wp:term":[{"taxonomy":"category","embeddable":true,"href":"https:\/\/linitiative.ca\/International\/wp-json\/wp\/v2\/categories?post=115291"},{"taxonomy":"post_tag","embeddable":true,"href":"https:\/\/linitiative.ca\/International\/wp-json\/wp\/v2\/tags?post=115291"}],"curies":[{"name":"wp","href":"https:\/\/api.w.org\/{rel}","templated":true}]}}