{"id":115300,"date":"2021-04-21T08:58:21","date_gmt":"2021-04-21T12:58:21","guid":{"rendered":"https:\/\/linitiative.ca\/International\/marrakech-une-peine-clemente-contre-un-pedophile\/"},"modified":"2021-04-21T08:58:21","modified_gmt":"2021-04-21T12:58:21","slug":"marrakech-une-peine-clemente-contre-un-pedophile","status":"publish","type":"post","link":"https:\/\/linitiative.ca\/International\/marrakech-une-peine-clemente-contre-un-pedophile\/","title":{"rendered":"Marrakech: Une peine cl\u00e9mente contre un p\u00e9dophile"},"content":{"rendered":"<header>\n<\/header>\n<div class=\"entry-content clearfix\" readability=\"43\">\n<figure class=\"post-thumbnail\" itemprop=\"associatedMedia\" itemscope=\"itemscope\" itemtype=\"http:\/\/schema.org\/ImageObject\"><img decoding=\"async\" class=\"post_layout_5_img\" src=\"http:\/\/aujourdhui.ma\/wp-content\/uploads\/2017\/10\/pedophile-mineur-abuse-sexuellement-.jpg\" alt=\"Marrakech: Une peine cl\u00e9mente contre un p\u00e9dophile\"\/><\/figure>\n<p><strong>Deux ans de prison ferme. Tel a \u00e9t\u00e9 le verdict rendu derni\u00e8rement par la chambre criminelle pr\u00e8s la Cour d\u2019appel de Marrakech contre un jeune homme qui a d\u00e9tourn\u00e9 une adolescente de treize ans pour abuser sexuellement d\u2019elle et la d\u00e9puceler.<\/strong> <span id=\"more-374448\"\/>Sans vergogne, ce trentenaire a expliqu\u00e9 \u00e0 la Cour qu\u2019il n\u2019a pas d\u00e9tourn\u00e9 la victime, qui est encore mineure, mais qu\u2019elle a partag\u00e9 avec lui le m\u00eame lit de son plein gr\u00e9. En effet, ce jeune homme a jou\u00e9 le jeu de l\u2019amoureux pour la mettre dans ses filets. Effectivement, il est arriv\u00e9 \u00e0 la d\u00e9tourner et abuser d\u2019elle au point de la d\u00e9puceler. En racontant \u00e0 sa m\u00e8re ce qui lui est arriv\u00e9, l\u2019adolescente a \u00e9t\u00e9 conduite chez la police pour porter plainte. Et le p\u00e9dophile a \u00e9t\u00e9 arr\u00eat\u00e9 et traduit devant la justice. En effet, il n\u2019a pas ni\u00e9 avoir couch\u00e9 avec l\u2019adolescente, mais il a pr\u00e9cis\u00e9 qu\u2019elle \u00e9tait pleine de joie d\u2019\u00eatre en sa compagnie.<\/p>\n<\/div>\n<p>Auteur: Abderrafii ALOUMLIKI<br \/>\n<a href=\"https:\/\/aujourdhui.ma\/faits-divers\/marrakech-une-peine-clemente-contre-un-pedophile\">Cliquez ici pour lire l&rsquo;article depuis sa source.<\/a><\/p>\n","protected":false},"excerpt":{"rendered":"<p>Deux ans de prison ferme. Tel a \u00e9t\u00e9 le verdict rendu derni\u00e8rement par la chambre criminelle pr\u00e8s la Cour d\u2019appel de Marrakech contre un jeune homme qui a d\u00e9tourn\u00e9 une adolescente de treize ans pour abuser sexuellement d\u2019elle et la d\u00e9puceler. Sans vergogne, ce trentenaire a expliqu\u00e9 \u00e0 la Cour qu\u2019il n\u2019a pas d\u00e9tourn\u00e9 la [&hellip;]<\/p>\n","protected":false},"author":1759,"featured_media":0,"comment_status":"closed","ping_status":"closed","sticky":false,"template":"","format":"standard","meta":{"fifu_image_url":"http:\/\/aujourdhui.ma\/wp-content\/uploads\/2017\/10\/pedophile-mineur-abuse-sexuellement-.jpg","fifu_image_alt":"Marrakech: Une peine cl\u00e9mente contre un p\u00e9dophile","footnotes":""},"categories":[73,54],"tags":[],"class_list":["post-115300","post","type-post","status-publish","format-standard","hentry","category-actualite","category-maroc"],"_links":{"self":[{"href":"https:\/\/linitiative.ca\/International\/wp-json\/wp\/v2\/posts\/115300","targetHints":{"allow":["GET"]}}],"collection":[{"href":"https:\/\/linitiative.ca\/International\/wp-json\/wp\/v2\/posts"}],"about":[{"href":"https:\/\/linitiative.ca\/International\/wp-json\/wp\/v2\/types\/post"}],"author":[{"embeddable":true,"href":"https:\/\/linitiative.ca\/International\/wp-json\/wp\/v2\/users\/1759"}],"replies":[{"embeddable":true,"href":"https:\/\/linitiative.ca\/International\/wp-json\/wp\/v2\/comments?post=115300"}],"version-history":[{"count":0,"href":"https:\/\/linitiative.ca\/International\/wp-json\/wp\/v2\/posts\/115300\/revisions"}],"wp:attachment":[{"href":"https:\/\/linitiative.ca\/International\/wp-json\/wp\/v2\/media?parent=115300"}],"wp:term":[{"taxonomy":"category","embeddable":true,"href":"https:\/\/linitiative.ca\/International\/wp-json\/wp\/v2\/categories?post=115300"},{"taxonomy":"post_tag","embeddable":true,"href":"https:\/\/linitiative.ca\/International\/wp-json\/wp\/v2\/tags?post=115300"}],"curies":[{"name":"wp","href":"https:\/\/api.w.org\/{rel}","templated":true}]}}