{"id":115302,"date":"2021-04-21T09:45:07","date_gmt":"2021-04-21T13:45:07","guid":{"rendered":"https:\/\/linitiative.ca\/International\/trois-suicides-par-pendaison-a-meknes-targuist-et-chefchaouen\/"},"modified":"2021-04-21T09:45:07","modified_gmt":"2021-04-21T13:45:07","slug":"trois-suicides-par-pendaison-a-meknes-targuist-et-chefchaouen","status":"publish","type":"post","link":"https:\/\/linitiative.ca\/International\/trois-suicides-par-pendaison-a-meknes-targuist-et-chefchaouen\/","title":{"rendered":"Trois suicides par pendaison \u00e0 Mekn\u00e8s, Targuist et Chefchaouen"},"content":{"rendered":"<header>\n<\/header>\n<div class=\"entry-content clearfix\" readability=\"50\">\n<figure class=\"post-thumbnail\" itemprop=\"associatedMedia\" itemscope=\"itemscope\" itemtype=\"http:\/\/schema.org\/ImageObject\"><img decoding=\"async\" class=\"post_layout_5_img\" src=\"http:\/\/aujourdhui.ma\/wp-content\/uploads\/2019\/10\/Suicide.jpg\" alt=\"Trois suicides par pendaison \u00e0 Mekn\u00e8s, Targuist et Chefchaouen\"\/><\/figure>\n<p><strong>Un p\u00e8re de deux enfants, trentenaire, journalier de son \u00e9tat, s\u2019est donn\u00e9 la mort, dimanche dernier, chez lui au quartier Marjane V, Sidi Bouzekri, \u00e0 Mekn\u00e8s.<\/strong> <span id=\"more-374451\"\/>Sa femme l\u2019a retrouv\u00e9 pendu avec une corde accroch\u00e9\u00e9 au plafond d\u2019une chambre. Quarante-huit heures plus t\u00f4t, une jeune fille de dix-neuf ans s\u2019est suicid\u00e9e \u00e9galement par pendaison, chez elle au douar Oumzed relevant de la commune rurale Sidi Boutmime, cercle de Targuist, dans la province d\u2019Al Hoce\u00efma. Par ailleurs, au village Tazeknane relevant de la commune rurale Beni Darkoul, dans la province de Chefchaouen, un p\u00e8re de famille a \u00e9galement mis fin \u00e0 sa vie par pendaison. Dans les trois cas, les cadavres ont \u00e9t\u00e9 \u00e9vacu\u00e9s vers les morgues des trois villes afin de les soumettre \u00e0 l\u2019autopsie et d\u00e9terminer la cause principale de la mort. Tandis que la police pour le premier cas et les gendarmes pour les deux autres cas ont diligent\u00e9 des enqu\u00eates pour d\u00e9terminer les causes qui ont pouss\u00e9 les trois d\u00e9sesp\u00e9r\u00e9s \u00e0 se suicider.<\/p>\n<\/div>\n<p>Auteur: Abderrafii ALOUMLIKI<br \/>\n<a href=\"https:\/\/aujourdhui.ma\/faits-divers\/trois-suicides-par-pendaison-a-meknes-targuist-et-chefchaouen\">Cliquez ici pour lire l&rsquo;article depuis sa source.<\/a><\/p>\n","protected":false},"excerpt":{"rendered":"<p>Un p\u00e8re de deux enfants, trentenaire, journalier de son \u00e9tat, s\u2019est donn\u00e9 la mort, dimanche dernier, chez lui au quartier Marjane V, Sidi Bouzekri, \u00e0 Mekn\u00e8s. Sa femme l\u2019a retrouv\u00e9 pendu avec une corde accroch\u00e9\u00e9 au plafond d\u2019une chambre. Quarante-huit heures plus t\u00f4t, une jeune fille de dix-neuf ans s\u2019est suicid\u00e9e \u00e9galement par pendaison, chez [&hellip;]<\/p>\n","protected":false},"author":1759,"featured_media":0,"comment_status":"closed","ping_status":"closed","sticky":false,"template":"","format":"standard","meta":{"fifu_image_url":"http:\/\/aujourdhui.ma\/wp-content\/uploads\/2019\/10\/Suicide.jpg","fifu_image_alt":"Trois suicides par pendaison \u00e0 Mekn\u00e8s, Targuist et Chefchaouen","footnotes":""},"categories":[73,54],"tags":[],"class_list":["post-115302","post","type-post","status-publish","format-standard","hentry","category-actualite","category-maroc"],"_links":{"self":[{"href":"https:\/\/linitiative.ca\/International\/wp-json\/wp\/v2\/posts\/115302","targetHints":{"allow":["GET"]}}],"collection":[{"href":"https:\/\/linitiative.ca\/International\/wp-json\/wp\/v2\/posts"}],"about":[{"href":"https:\/\/linitiative.ca\/International\/wp-json\/wp\/v2\/types\/post"}],"author":[{"embeddable":true,"href":"https:\/\/linitiative.ca\/International\/wp-json\/wp\/v2\/users\/1759"}],"replies":[{"embeddable":true,"href":"https:\/\/linitiative.ca\/International\/wp-json\/wp\/v2\/comments?post=115302"}],"version-history":[{"count":0,"href":"https:\/\/linitiative.ca\/International\/wp-json\/wp\/v2\/posts\/115302\/revisions"}],"wp:attachment":[{"href":"https:\/\/linitiative.ca\/International\/wp-json\/wp\/v2\/media?parent=115302"}],"wp:term":[{"taxonomy":"category","embeddable":true,"href":"https:\/\/linitiative.ca\/International\/wp-json\/wp\/v2\/categories?post=115302"},{"taxonomy":"post_tag","embeddable":true,"href":"https:\/\/linitiative.ca\/International\/wp-json\/wp\/v2\/tags?post=115302"}],"curies":[{"name":"wp","href":"https:\/\/api.w.org\/{rel}","templated":true}]}}