{"id":115305,"date":"2021-04-20T14:00:54","date_gmt":"2021-04-20T18:00:54","guid":{"rendered":"https:\/\/linitiative.ca\/International\/%ef%bb%bfsante-le-recours-aux-competences-et-a-linvestissement-etrangers-permettra-un-transfert-de-technologie\/"},"modified":"2021-04-20T14:00:54","modified_gmt":"2021-04-20T18:00:54","slug":"%ef%bb%bfsante-le-recours-aux-competences-et-a-linvestissement-etrangers-permettra-un-transfert-de-technologie","status":"publish","type":"post","link":"https:\/\/linitiative.ca\/International\/%ef%bb%bfsante-le-recours-aux-competences-et-a-linvestissement-etrangers-permettra-un-transfert-de-technologie\/","title":{"rendered":"\ufeffSant\u00e9: le recours aux comp\u00e9tences et \u00e0 l\u2019investissement \u00e9trangers permettra un \u00abtransfert de technologie\u00bb"},"content":{"rendered":"<div>\n<p style=\"color:#175727;text-align:center\" class=\"has-text-color\"><strong>Une d\u00e9claration d\u2019Abdeslam Seddiki \u00a0\u00e0 la MAP<\/strong><\/p>\n<p><strong>L\u2019ouverture sur les comp\u00e9tences et l\u2019investissement \u00e9trangers dans le domaine de la sant\u00e9 permettra de b\u00e9n\u00e9ficier d\u2019un \u00ab\u00a0transfert de technologie\u00a0\u00bb en la mati\u00e8re, a indiqu\u00e9 l\u2019universitaire et ancien ministre de l\u2019Emploi et des Affaires Sociales, Abdeslam Seddiki.<\/strong><\/p>\n<p>La r\u00e9ussite du projet de g\u00e9n\u00e9ralisation de la protection sociale lanc\u00e9 par SM le Roi Mohammed VI d\u00e9pendra en fait du taux d\u2019encadrement m\u00e9dical des 22 millions de Marocains qui vont b\u00e9n\u00e9ficier de la couverture m\u00e9dicale en 2021 et 2022, a not\u00e9 A. Seddiki dans une d\u00e9claration \u00e0 la MAP.<\/p>\n<p>Il a soulign\u00e9, dans ce sens, que le recours aux comp\u00e9tences \u00e9trang\u00e8res et \u00e0 l\u2019investissement \u00e9tranger pr\u00e9sente un \u201cavantage de taille\u201d.<\/p>\n<p>\u201cTout le monde sait que les techniques m\u00e9dicales \u00e9voluent en permanence et parfois \u00e0 des rythmes plus rapides que dans les autres domaines\u201d, a-t-il fait observer, ajoutant qu\u2019il serait utile que notre pays puisse tirer profit de ces nouveaut\u00e9s au b\u00e9n\u00e9fice du citoyen.<\/p>\n<p>Pour A. Seddiki, \u00ab\u00a0il ne s\u2019agit pas bien \u00e9videmment de s\u2019ouvrir \u00e0 n\u2019importe quel prix et sans conditions. Cette ouverture fera l\u2019objet d\u2019un encadrement strict dans le cadre des cahiers des charges\u201d.<\/p>\n<p>Il a, par ailleurs, relev\u00e9 que le projet de g\u00e9n\u00e9ralisation de la protection sociale est \u201cbien ficel\u00e9\u201d et ne laisse aucune place \u00e0 l\u2019improvisation.<\/p>\n<p>\u201cQu\u2019il s\u2019agisse des modalit\u00e9s de gestion et de gouvernance, des moyens de financement et de leur durabilit\u00e9, de l\u2019offre des soins, de la mise \u00e0 niveau des structures sanitaires, \u2026rien n\u2019est laiss\u00e9 au hasard\u201d, a-t-il fait remarquer, ajoutant que \u201cnous sommes, par cons\u00e9quent, en face d\u2019un projet complet pilot\u00e9 par une vision globale\u201d.<\/p>\n<p>C\u2019est un chantier d\u2019envergure qui va introduire des changements profonds sur le mode de vie des millions de Marocains en leur garantissant dignit\u00e9 et bien-\u00eatre, a-t-il poursuivi.<\/p>\n<p>Ce chantier de g\u00e9n\u00e9ralisation de la protection sociale b\u00e9n\u00e9ficiera dans un premier temps aux agriculteurs, artisans et professionnels de l\u2019artisanat, aux commer\u00e7ants, professionnels et prestataires ind\u00e9pendants soumis au r\u00e9gime de contribution professionnelle unique (CPU), au r\u00e9gime de l\u2019auto-entrepreneur ou au r\u00e9gime de la comptabilit\u00e9. Il devra s\u2019\u00e9tendre, dans un second temps, \u00e0 d\u2019autres cat\u00e9gories dans la perspective de la g\u00e9n\u00e9ralisation effective de la protection sociale \u00e0 tous les citoyens.<\/p>\n<p>L\u2019article <a rel=\"nofollow\" href=\"http:\/\/albayane.press.ma\/%EF%BB%BFsante-le-recours-aux-competences-et-a-linvestissement-etrangers-permettra-un-transfert-de-technologie.html\">\ufeffSant\u00e9: le recours aux comp\u00e9tences et \u00e0 l\u2019investissement \u00e9trangers permettra un \u00abtransfert de technologie\u00bb<\/a> est apparu en premier sur <a rel=\"nofollow\" href=\"http:\/\/albayane.press.ma\/\">ALBAYANE<\/a>.<\/p>\n<\/div>\n<p>Auteur: M&rsquo;hammed rahal<br \/>\n<a href=\"http:\/\/albayane.press.ma\/%EF%BB%BFsante-le-recours-aux-competences-et-a-linvestissement-etrangers-permettra-un-transfert-de-technologie.html\">Cliquez ici pour lire l&rsquo;article depuis sa source.<\/a><\/p>\n","protected":false},"excerpt":{"rendered":"<p>Une d\u00e9claration d\u2019Abdeslam Seddiki \u00a0\u00e0 la MAP L\u2019ouverture sur les comp\u00e9tences et l\u2019investissement \u00e9trangers dans le domaine de la sant\u00e9 permettra de b\u00e9n\u00e9ficier d\u2019un \u00ab\u00a0transfert de technologie\u00a0\u00bb en la mati\u00e8re, a indiqu\u00e9 l\u2019universitaire et ancien ministre de l\u2019Emploi et des Affaires Sociales, Abdeslam Seddiki. La r\u00e9ussite du projet de g\u00e9n\u00e9ralisation de la protection sociale lanc\u00e9 [&hellip;]<\/p>\n","protected":false},"author":1760,"featured_media":0,"comment_status":"closed","ping_status":"closed","sticky":false,"template":"","format":"standard","meta":{"fifu_image_url":"","fifu_image_alt":"","footnotes":""},"categories":[73,54],"tags":[],"class_list":["post-115305","post","type-post","status-publish","format-standard","hentry","category-actualite","category-maroc"],"_links":{"self":[{"href":"https:\/\/linitiative.ca\/International\/wp-json\/wp\/v2\/posts\/115305","targetHints":{"allow":["GET"]}}],"collection":[{"href":"https:\/\/linitiative.ca\/International\/wp-json\/wp\/v2\/posts"}],"about":[{"href":"https:\/\/linitiative.ca\/International\/wp-json\/wp\/v2\/types\/post"}],"author":[{"embeddable":true,"href":"https:\/\/linitiative.ca\/International\/wp-json\/wp\/v2\/users\/1760"}],"replies":[{"embeddable":true,"href":"https:\/\/linitiative.ca\/International\/wp-json\/wp\/v2\/comments?post=115305"}],"version-history":[{"count":0,"href":"https:\/\/linitiative.ca\/International\/wp-json\/wp\/v2\/posts\/115305\/revisions"}],"wp:attachment":[{"href":"https:\/\/linitiative.ca\/International\/wp-json\/wp\/v2\/media?parent=115305"}],"wp:term":[{"taxonomy":"category","embeddable":true,"href":"https:\/\/linitiative.ca\/International\/wp-json\/wp\/v2\/categories?post=115305"},{"taxonomy":"post_tag","embeddable":true,"href":"https:\/\/linitiative.ca\/International\/wp-json\/wp\/v2\/tags?post=115305"}],"curies":[{"name":"wp","href":"https:\/\/api.w.org\/{rel}","templated":true}]}}