{"id":115307,"date":"2021-04-20T14:00:56","date_gmt":"2021-04-20T18:00:56","guid":{"rendered":"https:\/\/linitiative.ca\/International\/8-millions-de-tetes-dovins-et-de-caprins-seront-identifiees\/"},"modified":"2021-04-20T14:00:56","modified_gmt":"2021-04-20T18:00:56","slug":"8-millions-de-tetes-dovins-et-de-caprins-seront-identifiees","status":"publish","type":"post","link":"https:\/\/linitiative.ca\/International\/8-millions-de-tetes-dovins-et-de-caprins-seront-identifiees\/","title":{"rendered":"8 millions de t\u00eates d\u2019ovins et de caprins seront identifi\u00e9es"},"content":{"rendered":"<div>\n<p style=\"text-align:center\" class=\"has-text-color has-vivid-cyan-blue-color\"><strong>En pr\u00e9vision de l\u2019A\u00efd Al Adha<\/strong><\/p>\n<p><strong>Huit millions de t\u00eates d\u2019ovins et de caprins devront \u00eatre identifi\u00e9es pour la c\u00e9l\u00e9bration de A\u00efd Al Adha, a indiqu\u00e9, lundi \u00e0 Rabat, le ministre de l\u2019Agriculture, de la P\u00eache maritime, du D\u00e9veloppement rural et des Eaux et for\u00eats, Aziz Akhannouch.<\/strong><\/p>\n<p>En r\u00e9ponse \u00e0 deux questions orales \u00e0 la chambre des repr\u00e9sentants relatives aux programmes d\u2019action du minist\u00e8re pour les secteur de l\u2019agriculture et de la p\u00eache maritime et \u00e0 la saison agricole de 2020\/2021, M. Akhannouch a relev\u00e9 que le minist\u00e8re veille \u00e0 l\u2019\u00e9quipement de 30 souks temporaires pour l\u2019Aid Al Adha, mettant en exergue la publication d\u2019une p\u00e9riodique conjointe avec le minist\u00e8re de l\u2019int\u00e9rieur pour le lancement du processus d\u2019enregistrement des unit\u00e9s d\u2019\u00e9valuation et d\u2019immatriculation des ovins et caprins destin\u00e9s \u00e0 l\u2019abattage.<\/p>\n<p>Le ministre a relev\u00e9 que l\u2019\u00e9volution de l\u2019\u00e9tat des c\u00e9r\u00e9ales d\u2019automne aura un impact positif sur le secteur de l\u2019\u00e9levage, qui conna\u00eetra une croissance de 3%, soulignant que le cheptel national de pr\u00e8s de 31 millions de t\u00eates n\u2019a pas connu de changement significatif, malgr\u00e9 deux saisons agricoles successives marqu\u00e9es par un manque de pr\u00e9cipitations.<\/p>\n<p>Cette situation revient au soutien apport\u00e9 aux \u00e9leveurs via le plan de sauvetage du cheptel d\u00e9ploy\u00e9 par le minist\u00e8re, estime le responsable gouvernemental.<\/p>\n<p>Sur un autre volet, le ministre s\u2019est f\u00e9licit\u00e9 des pr\u00e9cipitations survenues \u00e0 la fin du mois de novembre 2020, dont l\u2019impact fut positif pour le lancement des op\u00e9rations de plantation et de labour.<\/p>\n<p>M. Akhannouch a affirm\u00e9 que la superficie sem\u00e9e en c\u00e9r\u00e9ales d\u2019automne s\u2019\u00e9l\u00e8ve \u00e0 4,2 millions de Ha, relevant que cette superficie est constitu\u00e9e \u00e0 44% de bl\u00e9 tendre, 34% d\u2019orge et 22% de bl\u00e9 dur. La situation de 75% de la superficie sem\u00e9e est tr\u00e8s satisfaisante, a-t-il ajout\u00e9.<\/p>\n<p>Les l\u00e9gumineuses occupent environ 168.000 Ha, dont 6% en irrigu\u00e9, tandis que la superficie sem\u00e9e en betterave \u00e0 sucre est de 46.155 Ha, a-t-il soulign\u00e9. Une r\u00e9colte de pr\u00e8s de 3 millions de tonnes de betterave \u00e0 sucre est pr\u00e9vue, malgr\u00e9 des ressources en eaux limit\u00e9es dans les arrondissements de Doukkala et de Moulouya.<\/p>\n<p>S\u2019agissant de la canne \u00e0 sucre, la superficie en place s\u2019\u00e9l\u00e8ve \u00e0 pr\u00e8s de 12.425 Ha, dont 10.260 Ha r\u00e9coltable, a affirm\u00e9 le ministre, ajoutant que la production totale est estim\u00e9e \u00e0 60.000 tonnes.<\/p>\n<p>Concernant la culture des fruits et l\u00e9gumes, le ministre a indiqu\u00e9 que les efforts de tous les acteurs ont permis de mener \u00e0 bien deux programmes importants, relevant que pr\u00e8s de 109.000 Ha ont pu \u00eatre r\u00e9alis\u00e9s pendant la saison automnale et 31.470 Ha pendant la saison hivernale.<\/p>\n<p>Par ailleurs, la plantation printani\u00e8re de fruits et l\u00e9gumes sur une superficie de 91.600 Ha est en cours d\u2019ach\u00e8vement, afin de r\u00e9pondre aux besoins des march\u00e9s pendant l\u2019\u00e9t\u00e9, a-t-il conclu.<\/p>\n<p>L\u2019article <a rel=\"nofollow\" href=\"http:\/\/albayane.press.ma\/8-millions-de-tetes-dovins-et-de-caprins-seront-identifiees.html\">8 millions de t\u00eates d\u2019ovins et de caprins seront identifi\u00e9es<\/a> est apparu en premier sur <a rel=\"nofollow\" href=\"http:\/\/albayane.press.ma\/\">ALBAYANE<\/a>.<\/p>\n<\/div>\n<p>Auteur: M&rsquo;hammed rahal<br \/>\n<a href=\"http:\/\/albayane.press.ma\/8-millions-de-tetes-dovins-et-de-caprins-seront-identifiees.html\">Cliquez ici pour lire l&rsquo;article depuis sa source.<\/a><\/p>\n","protected":false},"excerpt":{"rendered":"<p>En pr\u00e9vision de l\u2019A\u00efd Al Adha Huit millions de t\u00eates d\u2019ovins et de caprins devront \u00eatre identifi\u00e9es pour la c\u00e9l\u00e9bration de A\u00efd Al Adha, a indiqu\u00e9, lundi \u00e0 Rabat, le ministre de l\u2019Agriculture, de la P\u00eache maritime, du D\u00e9veloppement rural et des Eaux et for\u00eats, Aziz Akhannouch. En r\u00e9ponse \u00e0 deux questions orales \u00e0 la [&hellip;]<\/p>\n","protected":false},"author":1760,"featured_media":0,"comment_status":"closed","ping_status":"closed","sticky":false,"template":"","format":"standard","meta":{"fifu_image_url":"","fifu_image_alt":"","footnotes":""},"categories":[73,54],"tags":[],"class_list":["post-115307","post","type-post","status-publish","format-standard","hentry","category-actualite","category-maroc"],"_links":{"self":[{"href":"https:\/\/linitiative.ca\/International\/wp-json\/wp\/v2\/posts\/115307","targetHints":{"allow":["GET"]}}],"collection":[{"href":"https:\/\/linitiative.ca\/International\/wp-json\/wp\/v2\/posts"}],"about":[{"href":"https:\/\/linitiative.ca\/International\/wp-json\/wp\/v2\/types\/post"}],"author":[{"embeddable":true,"href":"https:\/\/linitiative.ca\/International\/wp-json\/wp\/v2\/users\/1760"}],"replies":[{"embeddable":true,"href":"https:\/\/linitiative.ca\/International\/wp-json\/wp\/v2\/comments?post=115307"}],"version-history":[{"count":0,"href":"https:\/\/linitiative.ca\/International\/wp-json\/wp\/v2\/posts\/115307\/revisions"}],"wp:attachment":[{"href":"https:\/\/linitiative.ca\/International\/wp-json\/wp\/v2\/media?parent=115307"}],"wp:term":[{"taxonomy":"category","embeddable":true,"href":"https:\/\/linitiative.ca\/International\/wp-json\/wp\/v2\/categories?post=115307"},{"taxonomy":"post_tag","embeddable":true,"href":"https:\/\/linitiative.ca\/International\/wp-json\/wp\/v2\/tags?post=115307"}],"curies":[{"name":"wp","href":"https:\/\/api.w.org\/{rel}","templated":true}]}}