{"id":115310,"date":"2021-04-21T07:02:20","date_gmt":"2021-04-21T11:02:20","guid":{"rendered":"https:\/\/linitiative.ca\/International\/manque-de-solidarite-trabelsi-fustige-les-grandes-surfaces\/"},"modified":"2021-04-21T07:02:20","modified_gmt":"2021-04-21T11:02:20","slug":"manque-de-solidarite-trabelsi-fustige-les-grandes-surfaces","status":"publish","type":"post","link":"https:\/\/linitiative.ca\/International\/manque-de-solidarite-trabelsi-fustige-les-grandes-surfaces\/","title":{"rendered":"Manque de solidarit\u00e9 : Trabelsi fustige les grandes surfaces"},"content":{"rendered":"<p>\u00ab\u00a0Elles sont partout et elles tirent un profit \u00e9normes, or elles n\u2019ont jamais contribu\u00e9 aux efforts nationaux et \u00e0 l\u2019\u00e9lan de solidarit\u00e9 pour r\u00e9pondre \u00e0 cette p\u00e9riode de crise\u00a0\u00bb, le ministre des Affaires sociales Mohamed Trabelsi a s\u00e9v\u00e8rement critiqu\u00e9 les grandes surfaces qui selon ses dires, ont refus\u00e9 d\u2019aider l\u2019Etat et les Tunisiens dans cette p\u00e9riode de crise.<\/p>\n<p>Prenant la parole sur les ondes de la radio nationale, il a \u00e9galement affirm\u00e9 que tout comme les grandes surfaces, les institutions financi\u00e8res n\u2019ont pas aussi contribu\u00e9 \u00e0 cet \u00e9lan d solidarit\u00e9.<\/p>\n<p>Le ministre reconna\u00eet que l\u2019arr\u00eat des activit\u00e9s qui a \u00e9t\u00e9 impos\u00e9 par la crise sanitaire continue \u00e0 peser lourd sur les citoyens, notamment les familles vuln\u00e9rables. Evoquant les aides \u00e9tatiques aux classes vuln\u00e9rables, il a rappel\u00e9 que la somme de 300 millions de dollars allou\u00e9e par la Banque mondiale sera octroy\u00e9e aux familles n\u00e9cessiteuses.<\/p>\n<p>Selon ses explications, ces aides seront distribu\u00e9es comme suit : 180 dinars pour les familles pr\u00e9caires, 300 dinars pour les familles \u00e0 revenus limit\u00e9s et 300 dinars pour les familles touch\u00e9es par la crise.<\/p>\n<p><strong>Source:webdo<\/strong><\/p>\n<div class=\"wp-post-author-wrap wp-post-author-shortcode left\">\n<h3 class=\"awpa-title\"\/>\n<div class=\"wp-post-author\">\n<div class=\"awpa-img awpa-author-block square\"><a href=\"http:\/\/lexpertjournal.net\/fr\/?author=5\"><img loading=\"lazy\" decoding=\"async\" alt=\"\" src=\"http:\/\/0.gravatar.com\/avatar\/97f8e10a1c1125ba104a76514ee07b16?s=150&amp;d=mm&amp;r=g\" srcset=\"http:\/\/0.gravatar.com\/avatar\/97f8e10a1c1125ba104a76514ee07b16?s=300&amp;d=mm&amp;r=g 2x\" class=\"avatar avatar-150 photo\" height=\"150\" width=\"150\"\/><\/a><\/div>\n<\/div>\n<\/div>\n<aside class=\"mashsb-container mashsb-main mashsb-stretched\">\n<\/aside>\n<p>Auteur: L&rsquo;expert<br \/>\n<a href=\"http:\/\/lexpertjournal.net\/fr\/?p=19735\">Cliquez ici pour lire l&rsquo;article depuis sa source.<\/a><\/p>\n","protected":false},"excerpt":{"rendered":"<p>\u00ab\u00a0Elles sont partout et elles tirent un profit \u00e9normes, or elles n\u2019ont jamais contribu\u00e9 aux efforts nationaux et \u00e0 l\u2019\u00e9lan de solidarit\u00e9 pour r\u00e9pondre \u00e0 cette p\u00e9riode de crise\u00a0\u00bb, le ministre des Affaires sociales Mohamed Trabelsi a s\u00e9v\u00e8rement critiqu\u00e9 les grandes surfaces qui selon ses dires, ont refus\u00e9 d\u2019aider l\u2019Etat et les Tunisiens dans cette [&hellip;]<\/p>\n","protected":false},"author":1775,"featured_media":0,"comment_status":"closed","ping_status":"closed","sticky":false,"template":"","format":"standard","meta":{"fifu_image_url":"http:\/\/0.gravatar.com\/avatar\/97f8e10a1c1125ba104a76514ee07b16?s=150&d=mm&r=g","fifu_image_alt":"Manque de solidarit\u00e9 : Trabelsi fustige les grandes surfaces","footnotes":""},"categories":[78,55],"tags":[],"class_list":["post-115310","post","type-post","status-publish","format-standard","hentry","category-economie","category-tunisie"],"_links":{"self":[{"href":"https:\/\/linitiative.ca\/International\/wp-json\/wp\/v2\/posts\/115310","targetHints":{"allow":["GET"]}}],"collection":[{"href":"https:\/\/linitiative.ca\/International\/wp-json\/wp\/v2\/posts"}],"about":[{"href":"https:\/\/linitiative.ca\/International\/wp-json\/wp\/v2\/types\/post"}],"author":[{"embeddable":true,"href":"https:\/\/linitiative.ca\/International\/wp-json\/wp\/v2\/users\/1775"}],"replies":[{"embeddable":true,"href":"https:\/\/linitiative.ca\/International\/wp-json\/wp\/v2\/comments?post=115310"}],"version-history":[{"count":0,"href":"https:\/\/linitiative.ca\/International\/wp-json\/wp\/v2\/posts\/115310\/revisions"}],"wp:attachment":[{"href":"https:\/\/linitiative.ca\/International\/wp-json\/wp\/v2\/media?parent=115310"}],"wp:term":[{"taxonomy":"category","embeddable":true,"href":"https:\/\/linitiative.ca\/International\/wp-json\/wp\/v2\/categories?post=115310"},{"taxonomy":"post_tag","embeddable":true,"href":"https:\/\/linitiative.ca\/International\/wp-json\/wp\/v2\/tags?post=115310"}],"curies":[{"name":"wp","href":"https:\/\/api.w.org\/{rel}","templated":true}]}}