{"id":115311,"date":"2021-04-21T07:06:27","date_gmt":"2021-04-21T11:06:27","guid":{"rendered":"https:\/\/linitiative.ca\/International\/machrou-tounes-les-accusations-ciblant-kais-saied-sont-graves-et-non-verifiees\/"},"modified":"2021-04-21T07:06:27","modified_gmt":"2021-04-21T11:06:27","slug":"machrou-tounes-les-accusations-ciblant-kais-saied-sont-graves-et-non-verifiees","status":"publish","type":"post","link":"https:\/\/linitiative.ca\/International\/machrou-tounes-les-accusations-ciblant-kais-saied-sont-graves-et-non-verifiees\/","title":{"rendered":"Machrou Tounes: \u00ab\u00a0Les accusations ciblant Ka\u00efs Saied sont graves et non v\u00e9rifi\u00e9es\u00a0\u00bb"},"content":{"rendered":"<div class=\"field field-name-body field-type-text-with-summary field-label-hidden field-items field-item even\">\n<p>Le mouvement Machrou Tounes a d\u00e9nonc\u00e9, mardi 20 avril 2021, la campagne ciblant le pr\u00e9sident de la R\u00e9publique, Kais Saied.<\/p>\n<p>\u00ab\u00a0Les accusations dont fait l\u2019objet Ka\u00efs Saied sont graves et non v\u00e9rifi\u00e9es\u00a0\u00bb, estime le mouvement suite \u00e0 la diffusion par le d\u00e9put\u00e9 Rached Khiari d\u2019une vid\u00e9o accusant Saied d\u2019avoir re\u00e7u des fonds \u00e9trangers, pour financer sa campagne \u00e9lectorale en 2019.<\/p>\n<p>Ainsi, Machrou Tounes souligne la n\u00e9cessit\u00e9 de prendre toutes les mesures juridiques, en vue de mettre fin \u00e0 la crise politique que traverse le pays.<br \/><strong>Source :<\/strong>espacemanager<\/p>\n<\/div>\n<div class=\"wp-post-author-wrap wp-post-author-shortcode left\">\n<h3 class=\"awpa-title\"\/>\n<div class=\"wp-post-author\">\n<div class=\"awpa-img awpa-author-block square\"><a href=\"http:\/\/lexpertjournal.net\/fr\/?author=5\"><img loading=\"lazy\" decoding=\"async\" alt=\"\" src=\"http:\/\/0.gravatar.com\/avatar\/97f8e10a1c1125ba104a76514ee07b16?s=150&amp;d=mm&amp;r=g\" srcset=\"http:\/\/0.gravatar.com\/avatar\/97f8e10a1c1125ba104a76514ee07b16?s=300&amp;d=mm&amp;r=g 2x\" class=\"avatar avatar-150 photo\" height=\"150\" width=\"150\"\/><\/a><\/div>\n<\/div>\n<\/div>\n<aside class=\"mashsb-container mashsb-main mashsb-stretched\">\n<\/aside>\n<p>Auteur: L&rsquo;expert<br \/>\n<a href=\"http:\/\/lexpertjournal.net\/fr\/?p=19738\">Cliquez ici pour lire l&rsquo;article depuis sa source.<\/a><\/p>\n","protected":false},"excerpt":{"rendered":"<p>Le mouvement Machrou Tounes a d\u00e9nonc\u00e9, mardi 20 avril 2021, la campagne ciblant le pr\u00e9sident de la R\u00e9publique, Kais Saied. \u00ab\u00a0Les accusations dont fait l\u2019objet Ka\u00efs Saied sont graves et non v\u00e9rifi\u00e9es\u00a0\u00bb, estime le mouvement suite \u00e0 la diffusion par le d\u00e9put\u00e9 Rached Khiari d\u2019une vid\u00e9o accusant Saied d\u2019avoir re\u00e7u des fonds \u00e9trangers, pour financer [&hellip;]<\/p>\n","protected":false},"author":1775,"featured_media":0,"comment_status":"closed","ping_status":"closed","sticky":false,"template":"","format":"standard","meta":{"fifu_image_url":"http:\/\/0.gravatar.com\/avatar\/97f8e10a1c1125ba104a76514ee07b16?s=150&d=mm&r=g","fifu_image_alt":"Machrou Tounes: \u00ab\u00a0Les accusations ciblant Ka\u00efs Saied sont graves et non v\u00e9rifi\u00e9es\u00a0\u00bb","footnotes":""},"categories":[78,55],"tags":[],"class_list":["post-115311","post","type-post","status-publish","format-standard","hentry","category-economie","category-tunisie"],"_links":{"self":[{"href":"https:\/\/linitiative.ca\/International\/wp-json\/wp\/v2\/posts\/115311","targetHints":{"allow":["GET"]}}],"collection":[{"href":"https:\/\/linitiative.ca\/International\/wp-json\/wp\/v2\/posts"}],"about":[{"href":"https:\/\/linitiative.ca\/International\/wp-json\/wp\/v2\/types\/post"}],"author":[{"embeddable":true,"href":"https:\/\/linitiative.ca\/International\/wp-json\/wp\/v2\/users\/1775"}],"replies":[{"embeddable":true,"href":"https:\/\/linitiative.ca\/International\/wp-json\/wp\/v2\/comments?post=115311"}],"version-history":[{"count":0,"href":"https:\/\/linitiative.ca\/International\/wp-json\/wp\/v2\/posts\/115311\/revisions"}],"wp:attachment":[{"href":"https:\/\/linitiative.ca\/International\/wp-json\/wp\/v2\/media?parent=115311"}],"wp:term":[{"taxonomy":"category","embeddable":true,"href":"https:\/\/linitiative.ca\/International\/wp-json\/wp\/v2\/categories?post=115311"},{"taxonomy":"post_tag","embeddable":true,"href":"https:\/\/linitiative.ca\/International\/wp-json\/wp\/v2\/tags?post=115311"}],"curies":[{"name":"wp","href":"https:\/\/api.w.org\/{rel}","templated":true}]}}