{"id":115312,"date":"2021-04-21T07:10:12","date_gmt":"2021-04-21T11:10:12","guid":{"rendered":"https:\/\/linitiative.ca\/International\/etablissement-rattache-au-min-des-tic-15-voitures-administratives-octroyees-sans-droit\/"},"modified":"2021-04-21T07:10:12","modified_gmt":"2021-04-21T11:10:12","slug":"etablissement-rattache-au-min-des-tic-15-voitures-administratives-octroyees-sans-droit","status":"publish","type":"post","link":"https:\/\/linitiative.ca\/International\/etablissement-rattache-au-min-des-tic-15-voitures-administratives-octroyees-sans-droit\/","title":{"rendered":"Etablissement rattach\u00e9 au Min. des TIC : 15 voitures administratives octroy\u00e9es sans droit"},"content":{"rendered":"<p>L\u2019Instance Nationale de Lutte contre la Corruption (Inlucc) a d\u00e9cid\u00e9 de transf\u00e9rer le dossier de soup\u00e7ons de corruption dans un \u00e9tablissement rattach\u00e9 au minist\u00e8re des TIC \u00e0 la justice.<\/p>\n<p>Suite \u00e0 une mission de contr\u00f4le au sein de ce minist\u00e8re, l\u2019INLUCC annonce que 13 voitures administratives ont \u00e9t\u00e9 octroy\u00e9es \u00e0 des fonctionnaires sans droit. Deux autres voitures ont \u00e9t\u00e9 \u00e9galement octroy\u00e9es ill\u00e9galement \u00e0 deux employ\u00e9s.<\/p>\n<p>L\u2019Instance annonce \u00e9galement qu\u2019une personne a \u00e9t\u00e9 d\u00e9sign\u00e9e en tant que directeur d\u2019une direction r\u00e9gionale de cet \u00e9tablissement et elle a ill\u00e9galement b\u00e9n\u00e9fici\u00e9 de tous les privil\u00e8ges sans aucun droit.<\/p>\n<p>Toujours selon le rapport de l\u2019INLUCC, un autre dossier de corruption au sein de cet \u00e9tablissement pourrait couter des d\u00e9g\u00e2ts financier de neuf millions de dinars suite \u00e0 l\u2019acquisition d\u2019un bien objet d\u2019un litige juridique.<\/p>\n<div class=\"at-below-post addthis_tool\" data-url=\"https:\/\/www.webdo.tn\/2021\/04\/21\/etablissement-rattache-au-min-des-tic-15-voitures-administratives-octroyees-sans-droit\/\"><strong>Source : webdo<\/strong><\/div>\n<div class=\"wp-post-author-wrap wp-post-author-shortcode left\">\n<h3 class=\"awpa-title\"\/>\n<div class=\"wp-post-author\">\n<div class=\"awpa-img awpa-author-block square\"><a href=\"http:\/\/lexpertjournal.net\/fr\/?author=5\"><img loading=\"lazy\" decoding=\"async\" alt=\"\" src=\"http:\/\/0.gravatar.com\/avatar\/97f8e10a1c1125ba104a76514ee07b16?s=150&amp;d=mm&amp;r=g\" srcset=\"http:\/\/0.gravatar.com\/avatar\/97f8e10a1c1125ba104a76514ee07b16?s=300&amp;d=mm&amp;r=g 2x\" class=\"avatar avatar-150 photo\" height=\"150\" width=\"150\"\/><\/a><\/div>\n<\/div>\n<\/div>\n<aside class=\"mashsb-container mashsb-main mashsb-stretched\">\n<\/aside>\n<p>Auteur: L&rsquo;expert<br \/>\n<a href=\"http:\/\/lexpertjournal.net\/fr\/?p=19741\">Cliquez ici pour lire l&rsquo;article depuis sa source.<\/a><\/p>\n","protected":false},"excerpt":{"rendered":"<p>L\u2019Instance Nationale de Lutte contre la Corruption (Inlucc) a d\u00e9cid\u00e9 de transf\u00e9rer le dossier de soup\u00e7ons de corruption dans un \u00e9tablissement rattach\u00e9 au minist\u00e8re des TIC \u00e0 la justice. Suite \u00e0 une mission de contr\u00f4le au sein de ce minist\u00e8re, l\u2019INLUCC annonce que 13 voitures administratives ont \u00e9t\u00e9 octroy\u00e9es \u00e0 des fonctionnaires sans droit. Deux [&hellip;]<\/p>\n","protected":false},"author":1775,"featured_media":0,"comment_status":"closed","ping_status":"closed","sticky":false,"template":"","format":"standard","meta":{"fifu_image_url":"http:\/\/0.gravatar.com\/avatar\/97f8e10a1c1125ba104a76514ee07b16?s=150&d=mm&r=g","fifu_image_alt":"Etablissement rattach\u00e9 au Min. des TIC : 15 voitures administratives octroy\u00e9es sans droit","footnotes":""},"categories":[78,55],"tags":[],"class_list":["post-115312","post","type-post","status-publish","format-standard","hentry","category-economie","category-tunisie"],"_links":{"self":[{"href":"https:\/\/linitiative.ca\/International\/wp-json\/wp\/v2\/posts\/115312","targetHints":{"allow":["GET"]}}],"collection":[{"href":"https:\/\/linitiative.ca\/International\/wp-json\/wp\/v2\/posts"}],"about":[{"href":"https:\/\/linitiative.ca\/International\/wp-json\/wp\/v2\/types\/post"}],"author":[{"embeddable":true,"href":"https:\/\/linitiative.ca\/International\/wp-json\/wp\/v2\/users\/1775"}],"replies":[{"embeddable":true,"href":"https:\/\/linitiative.ca\/International\/wp-json\/wp\/v2\/comments?post=115312"}],"version-history":[{"count":0,"href":"https:\/\/linitiative.ca\/International\/wp-json\/wp\/v2\/posts\/115312\/revisions"}],"wp:attachment":[{"href":"https:\/\/linitiative.ca\/International\/wp-json\/wp\/v2\/media?parent=115312"}],"wp:term":[{"taxonomy":"category","embeddable":true,"href":"https:\/\/linitiative.ca\/International\/wp-json\/wp\/v2\/categories?post=115312"},{"taxonomy":"post_tag","embeddable":true,"href":"https:\/\/linitiative.ca\/International\/wp-json\/wp\/v2\/tags?post=115312"}],"curies":[{"name":"wp","href":"https:\/\/api.w.org\/{rel}","templated":true}]}}