{"id":115313,"date":"2021-04-21T08:21:12","date_gmt":"2021-04-21T12:21:12","guid":{"rendered":"https:\/\/linitiative.ca\/International\/harouni-certaines-personnes-en-echec-tentent-dutiliser-kais-saied-pour-arriver-a-leurs-fins\/"},"modified":"2021-04-21T08:21:12","modified_gmt":"2021-04-21T12:21:12","slug":"harouni-certaines-personnes-en-echec-tentent-dutiliser-kais-saied-pour-arriver-a-leurs-fins","status":"publish","type":"post","link":"https:\/\/linitiative.ca\/International\/harouni-certaines-personnes-en-echec-tentent-dutiliser-kais-saied-pour-arriver-a-leurs-fins\/","title":{"rendered":"Harouni: \u00ab\u00a0Certaines personnes en \u00e9chec tentent d\u2019utiliser Ka\u00efs Saied pour arriver \u00e0 leurs fins\u00a0\u00bb"},"content":{"rendered":"<div class=\"field field-name-body field-type-text-with-summary field-label-hidden field-items field-item even\">\n<p>Dans une d\u00e9claration ce merdredi 21 avril 2021 sur Shems FM, le pr\u00e9sident du conseil de la Choura du mouvement Ennahdha, Abdelkarim Harouni, a estim\u00e9 que certains poussent le pr\u00e9sident de la R\u00e9publique \u00e0 devenir un projet de dictateur et veulent faire croire que le probl\u00e8me est entre le chef de l\u2019Etat et Ennahdha alors que ce n\u2019est pas le cas.<\/p>\n<p>Et Harouni d\u2019ajouter que le parti islamiste demeure une force de rassemblement qui n\u2019ira pas en confrontation avec le pr\u00e9sident de la R\u00e9publique.<\/p>\n<p>\u00ab\u00a0Certains sont en train de manipuler les faits en faisant croire que c\u2019est un probl\u00e8me entre le chef de l\u2019Etat et Ennahdha. Or ce n\u2019est pas le cas : le probl\u00e8me est entre le chef de l\u2019Etat et l\u2019Etat, le chef de l\u2019Etat et la Constitution, entre le chef de l\u2019Etat et la r\u00e9volution, entre le chef de l\u2019Etat et la d\u00e9mocratie, entre le chef de l\u2019Etat et le parlement, entre le chef de l\u2019Etat et le gouvernement, entre le chef de l\u2019Etat et les appareils s\u00e9curitaires\u2026Ennahdha n\u2019a pas peur du pr\u00e9sident, mais a peur pour lui. Car les personnes qui ont \u00e9chou\u00e9 \u00e0 faire \u00e9chouer le Parlement et la d\u00e9mocratie essayent maintenant d\u2019utiliser le pr\u00e9sident pour arriver \u00e0 leurs fins. Ces gens, ces forces ext\u00e9rieures tentent de faire de Saied un projet de dictateur \u00ab\u00a0, lance-t-il.<\/p>\n<p>\u00ab\u00a0Certains forces ext\u00e9rieures tentent d\u2019utiliser\u00a0 Ka\u00efs Saied pour arriver \u00e0 leurs fins\u00a0\u00bb<\/p>\n<\/div>\n<div class=\"view view-frontpage view-id-frontpage view-display-id-block_related view-dom-id-f64c2e19147bca685d5243d556f41578 view-content list-group\"><strong>source :espacemanager<\/strong><\/div>\n<div class=\"wp-post-author-wrap wp-post-author-shortcode left\">\n<h3 class=\"awpa-title\"\/>\n<div class=\"wp-post-author\">\n<div class=\"awpa-img awpa-author-block square\"><a href=\"http:\/\/lexpertjournal.net\/fr\/?author=5\"><img loading=\"lazy\" decoding=\"async\" alt=\"\" src=\"http:\/\/0.gravatar.com\/avatar\/97f8e10a1c1125ba104a76514ee07b16?s=150&amp;d=mm&amp;r=g\" srcset=\"http:\/\/0.gravatar.com\/avatar\/97f8e10a1c1125ba104a76514ee07b16?s=300&amp;d=mm&amp;r=g 2x\" class=\"avatar avatar-150 photo\" height=\"150\" width=\"150\"\/><\/a><\/div>\n<\/div>\n<\/div>\n<aside class=\"mashsb-container mashsb-main mashsb-stretched\">\n<\/aside>\n<p>Auteur: L&rsquo;expert<br \/>\n<a href=\"http:\/\/lexpertjournal.net\/fr\/?p=19744\">Cliquez ici pour lire l&rsquo;article depuis sa source.<\/a><\/p>\n","protected":false},"excerpt":{"rendered":"<p>Dans une d\u00e9claration ce merdredi 21 avril 2021 sur Shems FM, le pr\u00e9sident du conseil de la Choura du mouvement Ennahdha, Abdelkarim Harouni, a estim\u00e9 que certains poussent le pr\u00e9sident de la R\u00e9publique \u00e0 devenir un projet de dictateur et veulent faire croire que le probl\u00e8me est entre le chef de l\u2019Etat et Ennahdha alors [&hellip;]<\/p>\n","protected":false},"author":1775,"featured_media":0,"comment_status":"closed","ping_status":"closed","sticky":false,"template":"","format":"standard","meta":{"fifu_image_url":"http:\/\/0.gravatar.com\/avatar\/97f8e10a1c1125ba104a76514ee07b16?s=150&d=mm&r=g","fifu_image_alt":"Harouni: \u00ab\u00a0Certaines personnes en \u00e9chec tentent d\u2019utiliser Ka\u00efs Saied pour arriver \u00e0 leurs fins\u00a0\u00bb","footnotes":""},"categories":[78,55],"tags":[],"class_list":["post-115313","post","type-post","status-publish","format-standard","hentry","category-economie","category-tunisie"],"_links":{"self":[{"href":"https:\/\/linitiative.ca\/International\/wp-json\/wp\/v2\/posts\/115313","targetHints":{"allow":["GET"]}}],"collection":[{"href":"https:\/\/linitiative.ca\/International\/wp-json\/wp\/v2\/posts"}],"about":[{"href":"https:\/\/linitiative.ca\/International\/wp-json\/wp\/v2\/types\/post"}],"author":[{"embeddable":true,"href":"https:\/\/linitiative.ca\/International\/wp-json\/wp\/v2\/users\/1775"}],"replies":[{"embeddable":true,"href":"https:\/\/linitiative.ca\/International\/wp-json\/wp\/v2\/comments?post=115313"}],"version-history":[{"count":0,"href":"https:\/\/linitiative.ca\/International\/wp-json\/wp\/v2\/posts\/115313\/revisions"}],"wp:attachment":[{"href":"https:\/\/linitiative.ca\/International\/wp-json\/wp\/v2\/media?parent=115313"}],"wp:term":[{"taxonomy":"category","embeddable":true,"href":"https:\/\/linitiative.ca\/International\/wp-json\/wp\/v2\/categories?post=115313"},{"taxonomy":"post_tag","embeddable":true,"href":"https:\/\/linitiative.ca\/International\/wp-json\/wp\/v2\/tags?post=115313"}],"curies":[{"name":"wp","href":"https:\/\/api.w.org\/{rel}","templated":true}]}}