{"id":115315,"date":"2021-04-21T09:40:00","date_gmt":"2021-04-21T13:40:00","guid":{"rendered":"https:\/\/linitiative.ca\/International\/grandiose-marche-nocturne-a-akbou\/"},"modified":"2021-04-21T09:40:00","modified_gmt":"2021-04-21T13:40:00","slug":"grandiose-marche-nocturne-a-akbou","status":"publish","type":"post","link":"https:\/\/linitiative.ca\/International\/grandiose-marche-nocturne-a-akbou\/","title":{"rendered":"Grandiose marche nocturne \u00e0 Akbou"},"content":{"rendered":"<div id=\"originalText\" readability=\"91\">\n<p class=\"c6\">Une grandiose marche nocturne a \u00e9t\u00e9 organis\u00e9e, hier soir, dans la ville d\u2019Akbou, deuxi\u00e8me grand centre urbain de la wilaya de B\u00e9ja\u00efa, dans le cadre de la c\u00e9l\u00e9bration du double anniversaire du Printemps berb\u00e8re 1980 et du Printemps noir 2001.<\/p>\n<p class=\"c6\">La manifestation a drain\u00e9 des centaines de citoyens de la r\u00e9gion de la haute vall\u00e9e de la Soummam. Elle devait avoir lieu dans la journ\u00e9e du mardi 20 avril, mais elle a \u00e9t\u00e9 report\u00e9e \u00e0 21h00 afin de permettre aux citoyens de la r\u00e9gion de participer \u00e0 la marche du chef-lieu de wilaya.<\/p>\n<p class=\"c6\">La procession humaine s\u2019est \u00e9branl\u00e9e, \u00e0 partir de 21h30, de la place du colonel Amirouche vers la st\u00e8le des martyrs du Printemps noir, situ\u00e9e en face de la salle de cin\u00e9ma d\u2019Akbou. Couverts, pour certains, du drapeau national et de l\u2019embl\u00e8me amazigh, pour d\u2019autres, les manifestantes et manifestants, tous \u00e2ges confondus, ont battu le pav\u00e9 en tenant des bougies allum\u00e9es \u00e0 la main, \u00e0 la m\u00e9moire des 128 martyres du Printemps noir.<\/p>\n<p class=\"c6\">Tout au long de la marche, les manifestants n\u2019ont pas cess\u00e9 de scander en ch\u0153ur et \u00e0 gorges d\u00e9ploy\u00e9es notamment \u00ab Pouvoir assassin \u00bb, \u00ab Ulac smah ulac \u00bb et \u00ab Dda Lmulud mazalagh d-Imazighen \u00bb. Par moment, ces slogans laissaient place \u00e0 la chanson populaire d\u2019Oulahlou, intitul\u00e9e \u00ab Pouvoir assassin \u00bb, que les manifestants entonnaient \u00e0 pleins poumons.<\/p>\n<p class=\"c6\">Devant la st\u00e8le des martyrs du Printemps noir, une minute de silence a \u00e9t\u00e9 observ\u00e9e par la foule \u00e0 la m\u00e9moire de tous les martyrs de la d\u00e9mocratie, avant d\u2019y d\u00e9poser une gerbe de fleurs.\u00a0<\/p>\n<p class=\"c6\">A Tifrit, village natal du regrett\u00e9 Mohamed Haroun, perch\u00e9 sur les hauteurs de la commune d\u2019Akbou, l\u2019association Tafat Imazighen a\u00a0 organis\u00e9 dans la m\u00eame soir\u00e9e une conf\u00e9rence d\u00e9bat au sein de son si\u00e8ge. Cette rencontre-d\u00e9bat a \u00e9t\u00e9 anim\u00e9e par Aziz Tari, ancienne figure du mouvement culturel berb\u00e8re (MCB) et ex-d\u00e9tenu d\u2019Avril 80, sous le th\u00e8me \u00ab Printemps d\u2019Avril 80 : quel bilan et quelles perspectives \u00bb.<\/p>\n<p class=\"c6\">Par la m\u00eame occasion, l\u2019ancien d\u00e9l\u00e9gu\u00e9 du mouvement citoyen des \u00c2rchs, Sofiane Adjelane, est intervenu pour donner un aper\u00e7u historique sur les douloureux \u00e9v\u00e9nements du Printemps noir.<\/p>\n<p class=\"c7\"><strong>L. OUBIRA pour R\u00e9daction WEB<\/strong><\/p>\n<\/div>\n<div id=\"text_core\" readability=\"91\">\n<p class=\"c6\">Une grandiose marche nocturne a \u00e9t\u00e9 organis\u00e9e, hier soir, dans la ville d\u2019Akbou, deuxi\u00e8me grand centre urbain de la wilaya de B\u00e9ja\u00efa, dans le cadre de la c\u00e9l\u00e9bration du double anniversaire du Printemps berb\u00e8re 1980 et du Printemps noir 2001.<\/p>\n<p class=\"c6\">La manifestation a drain\u00e9 des centaines de citoyens de la r\u00e9gion de la haute vall\u00e9e de la Soummam. Elle devait avoir lieu dans la journ\u00e9e du mardi 20 avril, mais elle a \u00e9t\u00e9 report\u00e9e \u00e0 21h00 afin de permettre aux citoyens de la r\u00e9gion de participer \u00e0 la marche du chef-lieu de wilaya.<\/p>\n<p class=\"c6\">La procession humaine s\u2019est \u00e9branl\u00e9e, \u00e0 partir de 21h30, de la place du colonel Amirouche vers la st\u00e8le des martyrs du Printemps noir, situ\u00e9e en face de la salle de cin\u00e9ma d\u2019Akbou. Couverts, pour certains, du drapeau national et de l\u2019embl\u00e8me amazigh, pour d\u2019autres, les manifestantes et manifestants, tous \u00e2ges confondus, ont battu le pav\u00e9 en tenant des bougies allum\u00e9es \u00e0 la main, \u00e0 la m\u00e9moire des 128 martyres du Printemps noir.<\/p>\n<p class=\"c6\">Tout au long de la marche, les manifestants n\u2019ont pas cess\u00e9 de scander en ch\u0153ur et \u00e0 gorges d\u00e9ploy\u00e9es notamment \u00ab Pouvoir assassin \u00bb, \u00ab Ulac smah ulac \u00bb et \u00ab Dda Lmulud mazalagh d-Imazighen \u00bb. Par moment, ces slogans laissaient place \u00e0 la chanson populaire d\u2019Oulahlou, intitul\u00e9e \u00ab Pouvoir assassin \u00bb, que les manifestants entonnaient \u00e0 pleins poumons.<\/p>\n<p class=\"c6\">Devant la st\u00e8le des martyrs du Printemps noir, une minute de silence a \u00e9t\u00e9 observ\u00e9e par la foule \u00e0 la m\u00e9moire de tous les martyrs de la d\u00e9mocratie, avant d\u2019y d\u00e9poser une gerbe de fleurs.\u00a0<\/p>\n<p class=\"c6\">A Tifrit, village natal du regrett\u00e9 Mohamed Haroun, perch\u00e9 sur les hauteurs de la commune d\u2019Akbou, l\u2019association Tafat Imazighen a\u00a0 organis\u00e9 dans la m\u00eame soir\u00e9e une conf\u00e9rence d\u00e9bat au sein de son si\u00e8ge. Cette rencontre-d\u00e9bat a \u00e9t\u00e9 anim\u00e9e par Aziz Tari, ancienne figure du mouvement culturel berb\u00e8re (MCB) et ex-d\u00e9tenu d\u2019Avril 80, sous le th\u00e8me \u00ab Printemps d\u2019Avril 80 : quel bilan et quelles perspectives \u00bb.<\/p>\n<p class=\"c6\">Par la m\u00eame occasion, l\u2019ancien d\u00e9l\u00e9gu\u00e9 du mouvement citoyen des \u00c2rchs, Sofiane Adjelane, est intervenu pour donner un aper\u00e7u historique sur les douloureux \u00e9v\u00e9nements du Printemps noir.<\/p>\n<p class=\"c7\"><strong>L. OUBIRA pour R\u00e9daction WEB<\/strong><\/p>\n<\/div>\n<p>Auteur:<br \/>\n<a href=\"https:\/\/www.liberte-algerie.com\/actualite\/grandiose-marche-nocturne-a-akbou-357601\">Cliquez ici pour lire l&rsquo;article depuis sa source.<\/a><\/p>\n","protected":false},"excerpt":{"rendered":"<p>Une grandiose marche nocturne a \u00e9t\u00e9 organis\u00e9e, hier soir, dans la ville d\u2019Akbou, deuxi\u00e8me grand centre urbain de la wilaya de B\u00e9ja\u00efa, dans le cadre de la c\u00e9l\u00e9bration du double anniversaire du Printemps berb\u00e8re 1980 et du Printemps noir 2001. La manifestation a drain\u00e9 des centaines de citoyens de la r\u00e9gion de la haute vall\u00e9e [&hellip;]<\/p>\n","protected":false},"author":1742,"featured_media":0,"comment_status":"closed","ping_status":"closed","sticky":false,"template":"","format":"standard","meta":{"fifu_image_url":"","fifu_image_alt":"","footnotes":""},"categories":[73,53],"tags":[],"class_list":["post-115315","post","type-post","status-publish","format-standard","hentry","category-actualite","category-algerie"],"_links":{"self":[{"href":"https:\/\/linitiative.ca\/International\/wp-json\/wp\/v2\/posts\/115315","targetHints":{"allow":["GET"]}}],"collection":[{"href":"https:\/\/linitiative.ca\/International\/wp-json\/wp\/v2\/posts"}],"about":[{"href":"https:\/\/linitiative.ca\/International\/wp-json\/wp\/v2\/types\/post"}],"author":[{"embeddable":true,"href":"https:\/\/linitiative.ca\/International\/wp-json\/wp\/v2\/users\/1742"}],"replies":[{"embeddable":true,"href":"https:\/\/linitiative.ca\/International\/wp-json\/wp\/v2\/comments?post=115315"}],"version-history":[{"count":0,"href":"https:\/\/linitiative.ca\/International\/wp-json\/wp\/v2\/posts\/115315\/revisions"}],"wp:attachment":[{"href":"https:\/\/linitiative.ca\/International\/wp-json\/wp\/v2\/media?parent=115315"}],"wp:term":[{"taxonomy":"category","embeddable":true,"href":"https:\/\/linitiative.ca\/International\/wp-json\/wp\/v2\/categories?post=115315"},{"taxonomy":"post_tag","embeddable":true,"href":"https:\/\/linitiative.ca\/International\/wp-json\/wp\/v2\/tags?post=115315"}],"curies":[{"name":"wp","href":"https:\/\/api.w.org\/{rel}","templated":true}]}}