{"id":115317,"date":"2021-04-21T10:21:00","date_gmt":"2021-04-21T14:21:00","guid":{"rendered":"https:\/\/linitiative.ca\/International\/video-decouverte-dune-mosaique-lors-de-travaux-de-construction-dune-maison-a-jijel\/"},"modified":"2021-04-21T10:21:00","modified_gmt":"2021-04-21T14:21:00","slug":"video-decouverte-dune-mosaique-lors-de-travaux-de-construction-dune-maison-a-jijel","status":"publish","type":"post","link":"https:\/\/linitiative.ca\/International\/video-decouverte-dune-mosaique-lors-de-travaux-de-construction-dune-maison-a-jijel\/","title":{"rendered":"[Vid\u00e9o] D\u00e9couverte d&rsquo;une mosa\u00efque lors de travaux de construction d&rsquo;une  maison \u00e0 Jijel"},"content":{"rendered":"<div id=\"originalText\" readability=\"57\">\n<p>Un citoyen a d\u00e9couvert une mosa\u00efque datant du 2\u00e8me ou 3\u00e8me si\u00e8cle lors de travaux de construction dans sa maison, dans le centre-ville de Jijel, a indiqu\u00e9 mercredi le directeur de wilaya de la Culture et des Arts, Mohamed Cherif Bouhali.<\/p>\n<p>Les travaux de creusage engag\u00e9s apr\u00e8s la d\u00e9molition d&rsquo;une ancienne construction ont permis d&rsquo;exhumer cette mosa\u00efque, a pr\u00e9cis\u00e9 \u00e0 l&rsquo;APS le responsable.<\/p>\n<p>Une \u00e9quipe sp\u00e9cialis\u00e9e du service du patrimoine de la direction de la Culture a \u00e9t\u00e9 imm\u00e9diatement d\u00e9p\u00each\u00e9e sur les lieux pour examiner la mosa\u00efque, a-t-il ajout\u00e9, poursuivant que la premi\u00e8re mesure a \u00e9t\u00e9 la suspension des travaux jusqu&rsquo;\u00e0 l&rsquo;accomplissement des proc\u00e9dures\u00a0 r\u00e9glementaires en vigueur.<\/p>\n<p>La longueur apparente de la mosa\u00efque est de trois (3) m\u00e8tres, a relev\u00e9 le directeur de la Culture, soulignant que certaines parties se trouvent sous les fondations de la maison voisine.<\/p>\n<p>Un rapport a \u00e9t\u00e9 envoy\u00e9 \u00e0 la tutelle en attendant que des sp\u00e9cialistes soient d\u00e9p\u00each\u00e9s afin de prendre les mesures n\u00e9cessaires, a affirm\u00e9 M. Bouhali.<\/p>\n<p><iframe loading=\"lazy\" allow=\"autoplay; clipboard-write; encrypted-media; picture-in-picture; web-share\" allowfullscreen=\"true\" frameborder=\"0\" height=\"315\" scrolling=\"no\" src=\"https:\/\/www.facebook.com\/plugins\/video.php?height=315&amp;href=https%3A%2F%2Fwww.facebook.com%2Fjijelnews18%2Fvideos%2F600668627555955%2F&amp;show_text=false&amp;width=560\" class=\"c6\" width=\"560\">[embedded content]<\/iframe><\/p>\n<p class=\"c7\"><strong>APS<\/strong><\/p>\n<\/div>\n<div id=\"text_core\" readability=\"57\">\n<p>Un citoyen a d\u00e9couvert une mosa\u00efque datant du 2\u00e8me ou 3\u00e8me si\u00e8cle lors de travaux de construction dans sa maison, dans le centre-ville de Jijel, a indiqu\u00e9 mercredi le directeur de wilaya de la Culture et des Arts, Mohamed Cherif Bouhali.<\/p>\n<p>Les travaux de creusage engag\u00e9s apr\u00e8s la d\u00e9molition d&rsquo;une ancienne construction ont permis d&rsquo;exhumer cette mosa\u00efque, a pr\u00e9cis\u00e9 \u00e0 l&rsquo;APS le responsable.<\/p>\n<p>Une \u00e9quipe sp\u00e9cialis\u00e9e du service du patrimoine de la direction de la Culture a \u00e9t\u00e9 imm\u00e9diatement d\u00e9p\u00each\u00e9e sur les lieux pour examiner la mosa\u00efque, a-t-il ajout\u00e9, poursuivant que la premi\u00e8re mesure a \u00e9t\u00e9 la suspension des travaux jusqu&rsquo;\u00e0 l&rsquo;accomplissement des proc\u00e9dures\u00a0 r\u00e9glementaires en vigueur.<\/p>\n<p>La longueur apparente de la mosa\u00efque est de trois (3) m\u00e8tres, a relev\u00e9 le directeur de la Culture, soulignant que certaines parties se trouvent sous les fondations de la maison voisine.<\/p>\n<p>Un rapport a \u00e9t\u00e9 envoy\u00e9 \u00e0 la tutelle en attendant que des sp\u00e9cialistes soient d\u00e9p\u00each\u00e9s afin de prendre les mesures n\u00e9cessaires, a affirm\u00e9 M. Bouhali.<\/p>\n<p><iframe loading=\"lazy\" allow=\"autoplay; clipboard-write; encrypted-media; picture-in-picture; web-share\" allowfullscreen=\"true\" frameborder=\"0\" height=\"315\" scrolling=\"no\" src=\"https:\/\/www.facebook.com\/plugins\/video.php?height=315&amp;href=https%3A%2F%2Fwww.facebook.com%2Fjijelnews18%2Fvideos%2F600668627555955%2F&amp;show_text=false&amp;width=560\" class=\"c6\" width=\"560\">[embedded content]<\/iframe><\/p>\n<p class=\"c7\"><strong>APS<\/strong><\/p>\n<\/div>\n<p>Auteur:<br \/>\n<a href=\"https:\/\/www.liberte-algerie.com\/actualite\/video-decouverte-dune-mosaique-lors-de-travaux-de-construction-dune-maison-a-jijel-357603\">Cliquez ici pour lire l&rsquo;article depuis sa source.<\/a><\/p>\n","protected":false},"excerpt":{"rendered":"<p>Un citoyen a d\u00e9couvert une mosa\u00efque datant du 2\u00e8me ou 3\u00e8me si\u00e8cle lors de travaux de construction dans sa maison, dans le centre-ville de Jijel, a indiqu\u00e9 mercredi le directeur de wilaya de la Culture et des Arts, Mohamed Cherif Bouhali. Les travaux de creusage engag\u00e9s apr\u00e8s la d\u00e9molition d&rsquo;une ancienne construction ont permis d&rsquo;exhumer [&hellip;]<\/p>\n","protected":false},"author":1742,"featured_media":0,"comment_status":"closed","ping_status":"closed","sticky":false,"template":"","format":"standard","meta":{"fifu_image_url":"","fifu_image_alt":"","footnotes":""},"categories":[73,53],"tags":[],"class_list":["post-115317","post","type-post","status-publish","format-standard","hentry","category-actualite","category-algerie"],"_links":{"self":[{"href":"https:\/\/linitiative.ca\/International\/wp-json\/wp\/v2\/posts\/115317","targetHints":{"allow":["GET"]}}],"collection":[{"href":"https:\/\/linitiative.ca\/International\/wp-json\/wp\/v2\/posts"}],"about":[{"href":"https:\/\/linitiative.ca\/International\/wp-json\/wp\/v2\/types\/post"}],"author":[{"embeddable":true,"href":"https:\/\/linitiative.ca\/International\/wp-json\/wp\/v2\/users\/1742"}],"replies":[{"embeddable":true,"href":"https:\/\/linitiative.ca\/International\/wp-json\/wp\/v2\/comments?post=115317"}],"version-history":[{"count":0,"href":"https:\/\/linitiative.ca\/International\/wp-json\/wp\/v2\/posts\/115317\/revisions"}],"wp:attachment":[{"href":"https:\/\/linitiative.ca\/International\/wp-json\/wp\/v2\/media?parent=115317"}],"wp:term":[{"taxonomy":"category","embeddable":true,"href":"https:\/\/linitiative.ca\/International\/wp-json\/wp\/v2\/categories?post=115317"},{"taxonomy":"post_tag","embeddable":true,"href":"https:\/\/linitiative.ca\/International\/wp-json\/wp\/v2\/tags?post=115317"}],"curies":[{"name":"wp","href":"https:\/\/api.w.org\/{rel}","templated":true}]}}