{"id":115325,"date":"2021-04-20T20:17:20","date_gmt":"2021-04-21T00:17:20","guid":{"rendered":"https:\/\/linitiative.ca\/International\/une-exposition-a-oujda-celebre-la-calligraphie-arabe\/"},"modified":"2021-04-20T20:17:20","modified_gmt":"2021-04-21T00:17:20","slug":"une-exposition-a-oujda-celebre-la-calligraphie-arabe","status":"publish","type":"post","link":"https:\/\/linitiative.ca\/International\/une-exposition-a-oujda-celebre-la-calligraphie-arabe\/","title":{"rendered":"Une exposition \u00e0 Oujda c\u00e9l\u00e8bre la calligraphie arabe"},"content":{"rendered":"<p class=\"c4\">Le Th\u00e9\u00e2tre Mohammed VI d\u2019Oujda accueille une exposition collective qui c\u00e9l\u00e8bre la calligraphie arabe, et ce jusqu\u2019au 18 mai prochain sous le signe \u00abTrait d\u2019union\u00bb.<\/p>\n<p class=\"c4\">Cette exposition, dont le vernissage a eu lieu mardi, r\u00e9unit plusieurs calligraphes, hommes et femmes, de la capitale de l\u2019Oriental mais aussi d\u2019autres villes du Royaume, comme Chefchaouen, Oued Zem, Taourirt, Berkane et T\u00e9touan.<\/p>\n<p class=\"c4\">Organis\u00e9e par la Direction r\u00e9gionale de la Culture de la r\u00e9gion de l\u2019Oriental et la direction du Th\u00e9\u00e2tre Mohammed VI avec la participation de calligraphes du Centre Dhannoun de l\u2019art de la calligraphie arabe et de la d\u00e9coration \u00e0 Oujda, cette exposition permet au public de d\u00e9couvrir, \u00e0 travers des \u0153uvres de calligraphes marocains et la finesse des traits, les techniques, la magnificence et la beaut\u00e9 de la calligraphie arabe.<\/p>\n<p class=\"c4\">Dans une d\u00e9claration \u00e0 la cha\u00eene d\u2019information de la Map (M24), le directeur r\u00e9gional de la Culture, Mountassir Loukili a expliqu\u00e9 que cette manifestation artistique est mont\u00e9e \u00e0 l\u2019occasion de l\u2019av\u00e8nement du mois sacr\u00e9 de Ramadan et la c\u00e9l\u00e9bration du mois du patrimoine (18 avril-18 mai).<\/p>\n<p class=\"c4\">Et d\u2019ajouter que cette exposition tend \u00e0 mettre en avant et \u00e0 sensibiliser la g\u00e9n\u00e9ration montante quant \u00e0 l\u2019importance de l\u2019art de la calligraphie arabe, et l\u2019imp\u00e9ratif de sa pr\u00e9servation.<\/p>\n<p><img class=\"wp-image-28015 aligncenter\" data-src=\"http:\/\/www.mapoujda.ma\/map\/uploads\/2021\/04\/Une-exposition-\u00e0-Oujda-c\u00e9l\u00e8bre-la-calligraphie-arabe-2-750430-MAP.jpg\" alt=\"\" width=\"610\" height=\"350\" srcset=\"http:\/\/www.mapoujda.ma\/map\/uploads\/2021\/04\/Une-exposition-\u00e0-Oujda-c\u00e9l\u00e8bre-la-calligraphie-arabe-2-750430-MAP.jpg 750w, http:\/\/www.mapoujda.ma\/map\/uploads\/2021\/04\/Une-exposition-\u00e0-Oujda-c\u00e9l\u00e8bre-la-calligraphie-arabe-2-750430-MAP-300x172.jpg 300w\" sizes=\"(max-width: 610px) 100vw, 610px\"\/><\/p>\n<p class=\"c4\">Pour M. Loukili, la calligraphie, qui est un m\u00e9tier qui permet de ma\u00eetriser l\u2019art de l\u2019\u00e9criture, est un patrimoine culturel et civilisationnel, mettant l\u2019accent dans ce sens sur les sp\u00e9cificit\u00e9s, l\u2019originalit\u00e9 et la beaut\u00e9 de la calligraphie marocaine authentique, l\u2019une des fiert\u00e9s de notre civilisation.<\/p>\n<p class=\"c4\">L\u2019objectif donc de l\u2019organisation de cette exposition consiste en la pr\u00e9servation de ce patrimoine immat\u00e9riel, et ce en lui accordant davantage d\u2019int\u00e9r\u00eat et en le transmettant aux g\u00e9n\u00e9rations futures, a-t-il dit.<\/p>\n<p class=\"c4\">De son c\u00f4t\u00e9, le pr\u00e9sident du Centre Dhannoun de l\u2019art de la calligraphe arabe et de la d\u00e9coration \u00e0 Oujda, Mohamed Amine Bouhid, a soulign\u00e9 que l\u2019exposition, qui conna\u00eet la participation d\u2019un enfant de huit ans, offre \u00e0 voir et \u00e0 appr\u00e9cier un nombre important de tableaux r\u00e9alis\u00e9s par des \u00e9tudiants du Centre qui suivent des cours de la calligraphie marocaine, qui est le reflet d\u2019une facette de la culture et du patrimoine marocains, faisant remarquer que des demandes sont formul\u00e9es pour inscrire la calligraphie arabe et marocaine dans le patrimoine mondial.<\/p>\n<p class=\"c4\">Le calligraphe Labib Ziani, qui participe \u00e0 cette exposition avec un tableau comprenant un verset du Saint Coran, a relev\u00e9, quant \u00e0 lui, l\u2019importance de ce genre de rencontres pour faire conna\u00eetre la calligraphie arabe en g\u00e9n\u00e9ral et marocaine en particulier \u00e0 un large public.<\/p>\n<p class=\"c4\">Il a saisi cette occasion pour mettre l\u2019accent sur les efforts d\u00e9ploy\u00e9s par le Centre Dhannoun pour conforter le rayonnement de cet art ancestral et le sauvegarder, affirmant que cette discipline peut jouer un r\u00f4le consid\u00e9rable dans l\u2019apprentissage de la belle \u00e9criture aux enfants.<\/p>\n<p class=\"c4\">Cette exposition est organis\u00e9e dans le strict respect des mesures de pr\u00e9vention en vigueur pour la lutte contre la propagation de la pand\u00e9mie du nouveau coronavirus (Covid-19), ont assur\u00e9 les organisateurs.<\/p>\n<p>Auteur: Soufiane ELAHMAR<br \/>\n<a href=\"http:\/\/www.mapoujda.ma\/fr\/une-exposition-a-oujda-celebre-la-calligraphie-arabe\/\">Cliquez ici pour lire l&rsquo;article depuis sa source.<\/a><\/p>\n","protected":false},"excerpt":{"rendered":"<p>Le Th\u00e9\u00e2tre Mohammed VI d\u2019Oujda accueille une exposition collective qui c\u00e9l\u00e8bre la calligraphie arabe, et ce jusqu\u2019au 18 mai prochain sous le signe \u00abTrait d\u2019union\u00bb. Cette exposition, dont le vernissage a eu lieu mardi, r\u00e9unit plusieurs calligraphes, hommes et femmes, de la capitale de l\u2019Oriental mais aussi d\u2019autres villes du Royaume, comme Chefchaouen, Oued Zem, [&hellip;]<\/p>\n","protected":false},"author":1788,"featured_media":0,"comment_status":"closed","ping_status":"closed","sticky":false,"template":"","format":"standard","meta":{"fifu_image_url":"http:\/\/www.mapoujda.ma\/map\/uploads\/2021\/04\/Une-exposition-\u00e0-Oujda-c\u00e9l\u00e8bre-la-calligraphie-arabe-2-750430-MAP.jpg","fifu_image_alt":"Une exposition \u00e0 Oujda c\u00e9l\u00e8bre la calligraphie arabe","footnotes":""},"categories":[54,76],"tags":[],"class_list":["post-115325","post","type-post","status-publish","format-standard","hentry","category-maroc","category-regions"],"_links":{"self":[{"href":"https:\/\/linitiative.ca\/International\/wp-json\/wp\/v2\/posts\/115325","targetHints":{"allow":["GET"]}}],"collection":[{"href":"https:\/\/linitiative.ca\/International\/wp-json\/wp\/v2\/posts"}],"about":[{"href":"https:\/\/linitiative.ca\/International\/wp-json\/wp\/v2\/types\/post"}],"author":[{"embeddable":true,"href":"https:\/\/linitiative.ca\/International\/wp-json\/wp\/v2\/users\/1788"}],"replies":[{"embeddable":true,"href":"https:\/\/linitiative.ca\/International\/wp-json\/wp\/v2\/comments?post=115325"}],"version-history":[{"count":0,"href":"https:\/\/linitiative.ca\/International\/wp-json\/wp\/v2\/posts\/115325\/revisions"}],"wp:attachment":[{"href":"https:\/\/linitiative.ca\/International\/wp-json\/wp\/v2\/media?parent=115325"}],"wp:term":[{"taxonomy":"category","embeddable":true,"href":"https:\/\/linitiative.ca\/International\/wp-json\/wp\/v2\/categories?post=115325"},{"taxonomy":"post_tag","embeddable":true,"href":"https:\/\/linitiative.ca\/International\/wp-json\/wp\/v2\/tags?post=115325"}],"curies":[{"name":"wp","href":"https:\/\/api.w.org\/{rel}","templated":true}]}}