{"id":115328,"date":"2021-04-21T13:45:12","date_gmt":"2021-04-21T17:45:12","guid":{"rendered":"https:\/\/linitiative.ca\/International\/la-construction-de-centres-regionaux-de-formation-favorisera-le-developpement-du-football-national\/"},"modified":"2021-04-21T13:45:12","modified_gmt":"2021-04-21T17:45:12","slug":"la-construction-de-centres-regionaux-de-formation-favorisera-le-developpement-du-football-national","status":"publish","type":"post","link":"https:\/\/linitiative.ca\/International\/la-construction-de-centres-regionaux-de-formation-favorisera-le-developpement-du-football-national\/","title":{"rendered":"La construction de centres r\u00e9gionaux de formation favorisera le d\u00e9veloppement du football national"},"content":{"rendered":"<div class=\"single-featured\"><img alt=\"\" data-src=\"http:\/\/www.mapoujda.ma\/map\/uploads\/2021\/04\/Fouzi-Lekjaa-M750\u00d7430.jpg\"\/><\/div>\n<div class=\"entry-content clearfix single-post-content\" readability=\"63\">\n<p class=\"c4\">Le pr\u00e9sident de la F\u00e9d\u00e9ration royale marocaine de football (FRMF), M. Fouzi Lekjaa, a appel\u00e9 les responsables des ligues r\u00e9gionales \u00e0 accorder davantage d\u2019int\u00e9r\u00eat \u00e0 la formation et \u00e0 la formation continue afin de hisser le niveau de la pratique sportive au niveau local, assurant que la construction de centres r\u00e9gionaux de formation favoriser le d\u00e9veloppement du football national.<\/p>\n<p class=\"c4\">Lors d\u2019une r\u00e9union avec les pr\u00e9sidents des ligues r\u00e9gionales, tenue mardi au Complexe Mohammed VI de football \u00e0 Sal\u00e9, M. Lekjaa a assur\u00e9 que la F\u00e9d\u00e9ration proc\u00e8dera \u00e0 la signature d\u2019un partenariat avec une institution nationale afin de construire des si\u00e8ges unifi\u00e9s des ligues r\u00e9gionales, notant que l\u2019assiette fonci\u00e8re sera \u00e0 la charge de la ligue.<\/p>\n<p class=\"c4\">Dans ce sens, des centres r\u00e9gionaux de formation relevant de chaque ligue seront construits, \u00e0 l\u2019instar de ceux de Sa\u00efdia, B\u00e9ni Mellal et La\u00e2youne, indique un communiqu\u00e9 de la FRMF.<\/p>\n<p class=\"c4\">En vue de favoriser l\u2019esprit de comp\u00e9tition et d\u00e9nicher de nouveaux talents, les participants \u00e0 cette r\u00e9union ont plaid\u00e9 pour la programmation de matches et comp\u00e9titions inter-ligues au profit des jeunes cat\u00e9gories.<\/p>\n<p class=\"c4\">Pour ce qui est de la bonne gouvernance et de la dotation des ligues r\u00e9gionales en des ressources humaines qualifi\u00e9es dans les domaines administratif et financier, il a \u00e9t\u00e9 convenu d\u2019organiser un concours pour le choix du secr\u00e9taire g\u00e9n\u00e9ral et du responsable financier de chaque ligue.<\/p>\n<\/div>\n<p>Auteur: Soufiane ELAHMAR<br \/>\n<a href=\"http:\/\/www.mapoujda.ma\/fr\/la-construction-de-centres-regionaux-de-formation-favorisera-le-developpement-du-football-national\/\">Cliquez ici pour lire l&rsquo;article depuis sa source.<\/a><\/p>\n","protected":false},"excerpt":{"rendered":"<p>Le pr\u00e9sident de la F\u00e9d\u00e9ration royale marocaine de football (FRMF), M. Fouzi Lekjaa, a appel\u00e9 les responsables des ligues r\u00e9gionales \u00e0 accorder davantage d\u2019int\u00e9r\u00eat \u00e0 la formation et \u00e0 la formation continue afin de hisser le niveau de la pratique sportive au niveau local, assurant que la construction de centres r\u00e9gionaux de formation favoriser le [&hellip;]<\/p>\n","protected":false},"author":1788,"featured_media":0,"comment_status":"closed","ping_status":"closed","sticky":false,"template":"","format":"standard","meta":{"fifu_image_url":"http:\/\/www.mapoujda.ma\/map\/uploads\/2021\/04\/Fouzi-Lekjaa-M750\u00d7430.jpg","fifu_image_alt":"La construction de centres r\u00e9gionaux de formation favorisera le d\u00e9veloppement du football national","footnotes":""},"categories":[54,76],"tags":[],"class_list":["post-115328","post","type-post","status-publish","format-standard","hentry","category-maroc","category-regions"],"_links":{"self":[{"href":"https:\/\/linitiative.ca\/International\/wp-json\/wp\/v2\/posts\/115328","targetHints":{"allow":["GET"]}}],"collection":[{"href":"https:\/\/linitiative.ca\/International\/wp-json\/wp\/v2\/posts"}],"about":[{"href":"https:\/\/linitiative.ca\/International\/wp-json\/wp\/v2\/types\/post"}],"author":[{"embeddable":true,"href":"https:\/\/linitiative.ca\/International\/wp-json\/wp\/v2\/users\/1788"}],"replies":[{"embeddable":true,"href":"https:\/\/linitiative.ca\/International\/wp-json\/wp\/v2\/comments?post=115328"}],"version-history":[{"count":0,"href":"https:\/\/linitiative.ca\/International\/wp-json\/wp\/v2\/posts\/115328\/revisions"}],"wp:attachment":[{"href":"https:\/\/linitiative.ca\/International\/wp-json\/wp\/v2\/media?parent=115328"}],"wp:term":[{"taxonomy":"category","embeddable":true,"href":"https:\/\/linitiative.ca\/International\/wp-json\/wp\/v2\/categories?post=115328"},{"taxonomy":"post_tag","embeddable":true,"href":"https:\/\/linitiative.ca\/International\/wp-json\/wp\/v2\/tags?post=115328"}],"curies":[{"name":"wp","href":"https:\/\/api.w.org\/{rel}","templated":true}]}}