{"id":115331,"date":"2021-04-21T10:48:48","date_gmt":"2021-04-21T14:48:48","guid":{"rendered":"https:\/\/linitiative.ca\/International\/ramadan-mcdonalds-appuie-les-associations-caritatives\/"},"modified":"2021-04-21T10:48:48","modified_gmt":"2021-04-21T14:48:48","slug":"ramadan-mcdonalds-appuie-les-associations-caritatives","status":"publish","type":"post","link":"https:\/\/linitiative.ca\/International\/ramadan-mcdonalds-appuie-les-associations-caritatives\/","title":{"rendered":"Ramadan: McDonald\u2019s appuie les associations caritatives"},"content":{"rendered":"<p class=\"rtejustify\">McDonald\u2019s Maroc fait dans le social. La cha\u00eene de restauration rapide relance pour la deuxi\u00e8me ann\u00e9e cons\u00e9cutive l\u2019op\u00e9ration d\u00e9nomm\u00e9e \u00ab\u00a0#Mta7dine\u00a0\u00bb, et poursuit son \u00e9lan de solidarit\u00e9 en offrant gracieusement des repas pendant ce mois de Ramadan, \u00e0 plusieurs associations caritatives.<\/p>\n<p class=\"rtejustify\">Cette op\u00e9ration se tient depuis le 24 mars 2020. Elle a ainsi permis d\u2019offrir plus de 400.000 repas au profit d\u2019associations caritatives, dans 19 villes du Royaume.<\/p>\n<p class=\"rtejustify\">Pour la 2e ann\u00e9e, la cha\u00eene va distributeur tous les vendredis du mois de Ramadan, des repas \u00e0 travers 19 restaurants dans 19 villes au Maroc au profit d\u2019associations \u0153uvrant essentiellement pour le bien-\u00eatre des enfants.<\/p>\n<p class=\"rtejustify\">\u00a0<\/p>\n<p>Auteur: mbasraoui<br \/>\n<a href=\"https:\/\/www.leconomiste.com\/flash-infos\/ramadan-mcdonald-s-appuie-les-associations-caritatives\">Cliquez ici pour lire l&rsquo;article depuis sa source.<\/a><\/p>\n","protected":false},"excerpt":{"rendered":"<p>McDonald\u2019s Maroc fait dans le social. La cha\u00eene de restauration rapide relance pour la deuxi\u00e8me ann\u00e9e cons\u00e9cutive l\u2019op\u00e9ration d\u00e9nomm\u00e9e \u00ab\u00a0#Mta7dine\u00a0\u00bb, et poursuit son \u00e9lan de solidarit\u00e9 en offrant gracieusement des repas pendant ce mois de Ramadan, \u00e0 plusieurs associations caritatives. Cette op\u00e9ration se tient depuis le 24 mars 2020. Elle a ainsi permis d\u2019offrir plus [&hellip;]<\/p>\n","protected":false},"author":1763,"featured_media":0,"comment_status":"closed","ping_status":"closed","sticky":false,"template":"","format":"standard","meta":{"fifu_image_url":"","fifu_image_alt":"","footnotes":""},"categories":[78,54],"tags":[],"class_list":["post-115331","post","type-post","status-publish","format-standard","hentry","category-economie","category-maroc"],"_links":{"self":[{"href":"https:\/\/linitiative.ca\/International\/wp-json\/wp\/v2\/posts\/115331","targetHints":{"allow":["GET"]}}],"collection":[{"href":"https:\/\/linitiative.ca\/International\/wp-json\/wp\/v2\/posts"}],"about":[{"href":"https:\/\/linitiative.ca\/International\/wp-json\/wp\/v2\/types\/post"}],"author":[{"embeddable":true,"href":"https:\/\/linitiative.ca\/International\/wp-json\/wp\/v2\/users\/1763"}],"replies":[{"embeddable":true,"href":"https:\/\/linitiative.ca\/International\/wp-json\/wp\/v2\/comments?post=115331"}],"version-history":[{"count":0,"href":"https:\/\/linitiative.ca\/International\/wp-json\/wp\/v2\/posts\/115331\/revisions"}],"wp:attachment":[{"href":"https:\/\/linitiative.ca\/International\/wp-json\/wp\/v2\/media?parent=115331"}],"wp:term":[{"taxonomy":"category","embeddable":true,"href":"https:\/\/linitiative.ca\/International\/wp-json\/wp\/v2\/categories?post=115331"},{"taxonomy":"post_tag","embeddable":true,"href":"https:\/\/linitiative.ca\/International\/wp-json\/wp\/v2\/tags?post=115331"}],"curies":[{"name":"wp","href":"https:\/\/api.w.org\/{rel}","templated":true}]}}