{"id":115334,"date":"2021-04-21T15:14:01","date_gmt":"2021-04-21T19:14:01","guid":{"rendered":"https:\/\/linitiative.ca\/International\/international-super-league-agnelli-rend-les-armes\/"},"modified":"2021-04-21T15:14:01","modified_gmt":"2021-04-21T19:14:01","slug":"international-super-league-agnelli-rend-les-armes","status":"publish","type":"post","link":"https:\/\/linitiative.ca\/International\/international-super-league-agnelli-rend-les-armes\/","title":{"rendered":"International : Super League : Agnelli rend les armes !"},"content":{"rendered":"<div readability=\"32\">\n<p>Auteur : <span class=\"time\">mercredi 21 avril 2021 14:45<\/span><\/p>\n<\/div>\n<div id=\"post_core\" readability=\"50\">\n<p>Il avait su r\u00e9unir 12 clubs parmi les plus r\u00e9put\u00e9s d&rsquo;Europe et avait pr\u00e9par\u00e9 ses arguments pour calmer l&rsquo;opposition. Mais la r\u00e9volte des fans, des amoureux du football, des joueurs et m\u00eame parfois des entra\u00eeneurs a \u00e9t\u00e9 trop forte.<\/p>\n<p>R\u00e9sultat, les clubs anglais impliqu\u00e9s, pris \u00e0 la gorge, ont choisi de renoncer. Et avec la moiti\u00e9 des participants annonc\u00e9s qui prennent le large, il semblait difficile de tenir le cap, m\u00eame s&rsquo;il esp\u00e9rait encore hier soir. Interrog\u00e9 par\u00a0Reuters\u00a0sur la possibilit\u00e9 de continuer le projet Super League, Agnelli a r\u00e9pondu\u00a0:\u00a0\u00ab\u00a0pour \u00eatre franc et honn\u00eate, non. Ce n&rsquo;est \u00e9videmment pas le cas\u00a0\u00bb. Source : Footmercato.<\/p>\n<p><strong>Publi\u00e9 dans :<\/strong> <span>juventus<\/span> <span>Super League : Agnelli<\/span><\/p>\n<\/div>\n<p>Auteur:<br \/>\n<a href=\"http:\/\/www.lebuteur.com\/article\/detail?titre=super-league-agnelli-rend-les-armes&#038;id=99793&#038;utm_source=feedburner&#038;utm_medium=feed&#038;utm_campaign=Feed%3A+GalerieFArtciles+%28Les+derniers+articles++-+lebuteur.com%29\">Cliquez ici pour lire l&rsquo;article depuis sa source.<\/a><\/p>\n","protected":false},"excerpt":{"rendered":"<p>Auteur : mercredi 21 avril 2021 14:45 Il avait su r\u00e9unir 12 clubs parmi les plus r\u00e9put\u00e9s d&rsquo;Europe et avait pr\u00e9par\u00e9 ses arguments pour calmer l&rsquo;opposition. Mais la r\u00e9volte des fans, des amoureux du football, des joueurs et m\u00eame parfois des entra\u00eeneurs a \u00e9t\u00e9 trop forte. R\u00e9sultat, les clubs anglais impliqu\u00e9s, pris \u00e0 la gorge, [&hellip;]<\/p>\n","protected":false},"author":1738,"featured_media":0,"comment_status":"closed","ping_status":"closed","sticky":false,"template":"","format":"standard","meta":{"fifu_image_url":"\/\/cdn.lebuteur.com\/data\/images\/article\/thumbs\/large-super-league-agnelli-rend-les-armes-60fc1.jpg","fifu_image_alt":"International : Super League : Agnelli rend les armes !","footnotes":""},"categories":[53,75],"tags":[],"class_list":["post-115334","post","type-post","status-publish","format-standard","hentry","category-algerie","category-sport"],"_links":{"self":[{"href":"https:\/\/linitiative.ca\/International\/wp-json\/wp\/v2\/posts\/115334","targetHints":{"allow":["GET"]}}],"collection":[{"href":"https:\/\/linitiative.ca\/International\/wp-json\/wp\/v2\/posts"}],"about":[{"href":"https:\/\/linitiative.ca\/International\/wp-json\/wp\/v2\/types\/post"}],"author":[{"embeddable":true,"href":"https:\/\/linitiative.ca\/International\/wp-json\/wp\/v2\/users\/1738"}],"replies":[{"embeddable":true,"href":"https:\/\/linitiative.ca\/International\/wp-json\/wp\/v2\/comments?post=115334"}],"version-history":[{"count":0,"href":"https:\/\/linitiative.ca\/International\/wp-json\/wp\/v2\/posts\/115334\/revisions"}],"wp:attachment":[{"href":"https:\/\/linitiative.ca\/International\/wp-json\/wp\/v2\/media?parent=115334"}],"wp:term":[{"taxonomy":"category","embeddable":true,"href":"https:\/\/linitiative.ca\/International\/wp-json\/wp\/v2\/categories?post=115334"},{"taxonomy":"post_tag","embeddable":true,"href":"https:\/\/linitiative.ca\/International\/wp-json\/wp\/v2\/tags?post=115334"}],"curies":[{"name":"wp","href":"https:\/\/api.w.org\/{rel}","templated":true}]}}