{"id":115335,"date":"2021-04-21T15:14:05","date_gmt":"2021-04-21T19:14:05","guid":{"rendered":"https:\/\/linitiative.ca\/International\/international-super-league-les-joueurs-de-latletico-valident-le-retrait\/"},"modified":"2021-04-21T15:14:05","modified_gmt":"2021-04-21T19:14:05","slug":"international-super-league-les-joueurs-de-latletico-valident-le-retrait","status":"publish","type":"post","link":"https:\/\/linitiative.ca\/International\/international-super-league-les-joueurs-de-latletico-valident-le-retrait\/","title":{"rendered":"International : Super League : Les joueurs de l&rsquo;Atl\u00e9tico valident le retrait"},"content":{"rendered":"<div readability=\"32\">\n<p>Auteur : <span class=\"time\">mercredi 21 avril 2021 15:30<\/span><\/p>\n<\/div>\n<div id=\"post_core\" readability=\"40\">\n<p>\u00abNous voulons faire savoir que nous sommes satisfaits de la d\u00e9cision de notre club de finalement renoncer \u00e0 cette Super League. Nous continuerons \u00e0 aider l&rsquo;Atl\u00e9tico \u00e0 grandir comme nous le pouvons, \u00e0 travers les valeurs de l&rsquo;effort et du m\u00e9rite sportif qui nous ont toujours caract\u00e9ris\u00e9s pour que vous continuiez \u00e0 vous y retrouver. Nous restons concentr\u00e9s sur notre travail et le match de demain\u00bb, a-t-il post\u00e9, au nom du groupe colchonero. Source : Footmercato.<\/p>\n<p><strong>Publi\u00e9 dans :<\/strong> <span>Super League : Atl\u00e9tico Madrid<\/span><\/p>\n<\/div>\n<p>Auteur:<br \/>\n<a href=\"http:\/\/www.lebuteur.com\/article\/detail?titre=super-league-les-joueurs-de-latletico-valident-le-retrait&#038;id=99794&#038;utm_source=feedburner&#038;utm_medium=feed&#038;utm_campaign=Feed%3A+GalerieFArtciles+%28Les+derniers+articles++-+lebuteur.com%29\">Cliquez ici pour lire l&rsquo;article depuis sa source.<\/a><\/p>\n","protected":false},"excerpt":{"rendered":"<p>Auteur : mercredi 21 avril 2021 15:30 \u00abNous voulons faire savoir que nous sommes satisfaits de la d\u00e9cision de notre club de finalement renoncer \u00e0 cette Super League. Nous continuerons \u00e0 aider l&rsquo;Atl\u00e9tico \u00e0 grandir comme nous le pouvons, \u00e0 travers les valeurs de l&rsquo;effort et du m\u00e9rite sportif qui nous ont toujours caract\u00e9ris\u00e9s pour [&hellip;]<\/p>\n","protected":false},"author":1738,"featured_media":0,"comment_status":"closed","ping_status":"closed","sticky":false,"template":"","format":"standard","meta":{"fifu_image_url":"\/\/cdn.lebuteur.com\/data\/images\/article\/thumbs\/large-super-league-les-joueurs-de-latletico-valident-le-retrait-873fc.jpg","fifu_image_alt":"International : Super League : Les joueurs de l'Atl\u00e9tico valident le retrait","footnotes":""},"categories":[53,75],"tags":[],"class_list":["post-115335","post","type-post","status-publish","format-standard","hentry","category-algerie","category-sport"],"_links":{"self":[{"href":"https:\/\/linitiative.ca\/International\/wp-json\/wp\/v2\/posts\/115335","targetHints":{"allow":["GET"]}}],"collection":[{"href":"https:\/\/linitiative.ca\/International\/wp-json\/wp\/v2\/posts"}],"about":[{"href":"https:\/\/linitiative.ca\/International\/wp-json\/wp\/v2\/types\/post"}],"author":[{"embeddable":true,"href":"https:\/\/linitiative.ca\/International\/wp-json\/wp\/v2\/users\/1738"}],"replies":[{"embeddable":true,"href":"https:\/\/linitiative.ca\/International\/wp-json\/wp\/v2\/comments?post=115335"}],"version-history":[{"count":0,"href":"https:\/\/linitiative.ca\/International\/wp-json\/wp\/v2\/posts\/115335\/revisions"}],"wp:attachment":[{"href":"https:\/\/linitiative.ca\/International\/wp-json\/wp\/v2\/media?parent=115335"}],"wp:term":[{"taxonomy":"category","embeddable":true,"href":"https:\/\/linitiative.ca\/International\/wp-json\/wp\/v2\/categories?post=115335"},{"taxonomy":"post_tag","embeddable":true,"href":"https:\/\/linitiative.ca\/International\/wp-json\/wp\/v2\/tags?post=115335"}],"curies":[{"name":"wp","href":"https:\/\/api.w.org\/{rel}","templated":true}]}}