{"id":115336,"date":"2021-04-21T15:14:07","date_gmt":"2021-04-21T19:14:07","guid":{"rendered":"https:\/\/linitiative.ca\/International\/afrique-coupe-de-la-confederation-5e-j-gr-a-les-setif-et-orlando-pirates-dos-a-dos\/"},"modified":"2021-04-21T15:14:07","modified_gmt":"2021-04-21T19:14:07","slug":"afrique-coupe-de-la-confederation-5e-j-gr-a-les-setif-et-orlando-pirates-dos-a-dos","status":"publish","type":"post","link":"https:\/\/linitiative.ca\/International\/afrique-coupe-de-la-confederation-5e-j-gr-a-les-setif-et-orlando-pirates-dos-a-dos\/","title":{"rendered":"Afrique : Coupe de la Conf\u00e9d\u00e9ration (5e j\/Gr. A): l&rsquo;ES S\u00e9tif et Orlando Pirates dos \u00e0 dos"},"content":{"rendered":"<div readability=\"32\">\n<p>Auteur : <span class=\"time\">mercredi 21 avril 2021 17:52<\/span><\/p>\n<\/div>\n<div id=\"post_core\" readability=\"43\">\n<p>Le repr\u00e9sentant alg\u00e9rien en Coupe de la Conf\u00e9d\u00e9ration de football, l&rsquo;Entente de S\u00e9tif, a fait match nul avec Orlando Pirates (0-0), mercredi \u00e0 Johannesburg pour le compte de la cinqui\u00e8me journ\u00e9e de la phase de poules (Groupe A). A l&rsquo;issue de cette rencontre, l&rsquo;ESS reste \u00e0 la 3e place avec un total de 5 points, derri\u00e8re son adversaire du jour (1er &#8211; 9 pts), d\u00e9j\u00e0 qualifi\u00e9 pour les quarts de finale, et Enyimba (2e &#8211; 6 pts), alors que le club libyen du Ahly Benghazi occupe provisoirement la 4e place (4 pts). L&rsquo;autre match du Groupe A aura lieu jeudi soir (22h00 alg\u00e9riennes) \u00e0 Benina entre le Ahly Benghazi et Enyimba.<\/p>\n<p><strong>Publi\u00e9 dans :<\/strong> <span>ES S\u00e9tif<\/span><\/p>\n<\/div>\n<p>Auteur:<br \/>\n<a href=\"http:\/\/www.lebuteur.com\/article\/detail?titre=coupe-de-la-confederation-5e-j-gr-a-les-setif-et-orlando-pirates-dos-a-dos&#038;id=99795&#038;utm_source=feedburner&#038;utm_medium=feed&#038;utm_campaign=Feed%3A+GalerieFArtciles+%28Les+derniers+articles++-+lebuteur.com%29\">Cliquez ici pour lire l&rsquo;article depuis sa source.<\/a><\/p>\n","protected":false},"excerpt":{"rendered":"<p>Auteur : mercredi 21 avril 2021 17:52 Le repr\u00e9sentant alg\u00e9rien en Coupe de la Conf\u00e9d\u00e9ration de football, l&rsquo;Entente de S\u00e9tif, a fait match nul avec Orlando Pirates (0-0), mercredi \u00e0 Johannesburg pour le compte de la cinqui\u00e8me journ\u00e9e de la phase de poules (Groupe A). A l&rsquo;issue de cette rencontre, l&rsquo;ESS reste \u00e0 la 3e [&hellip;]<\/p>\n","protected":false},"author":1738,"featured_media":0,"comment_status":"closed","ping_status":"closed","sticky":false,"template":"","format":"standard","meta":{"fifu_image_url":"\/\/cdn.lebuteur.com\/data\/images\/article\/thumbs\/large-coupe-de-la-confederation-5e-j-gr-a-les-setif-et-orlando-pirates-dos-a-dos-deba6.png","fifu_image_alt":"Afrique : Coupe de la Conf\u00e9d\u00e9ration (5e j\/Gr. A): l'ES S\u00e9tif et Orlando Pirates dos \u00e0 dos","footnotes":""},"categories":[53,75],"tags":[],"class_list":["post-115336","post","type-post","status-publish","format-standard","hentry","category-algerie","category-sport"],"_links":{"self":[{"href":"https:\/\/linitiative.ca\/International\/wp-json\/wp\/v2\/posts\/115336","targetHints":{"allow":["GET"]}}],"collection":[{"href":"https:\/\/linitiative.ca\/International\/wp-json\/wp\/v2\/posts"}],"about":[{"href":"https:\/\/linitiative.ca\/International\/wp-json\/wp\/v2\/types\/post"}],"author":[{"embeddable":true,"href":"https:\/\/linitiative.ca\/International\/wp-json\/wp\/v2\/users\/1738"}],"replies":[{"embeddable":true,"href":"https:\/\/linitiative.ca\/International\/wp-json\/wp\/v2\/comments?post=115336"}],"version-history":[{"count":0,"href":"https:\/\/linitiative.ca\/International\/wp-json\/wp\/v2\/posts\/115336\/revisions"}],"wp:attachment":[{"href":"https:\/\/linitiative.ca\/International\/wp-json\/wp\/v2\/media?parent=115336"}],"wp:term":[{"taxonomy":"category","embeddable":true,"href":"https:\/\/linitiative.ca\/International\/wp-json\/wp\/v2\/categories?post=115336"},{"taxonomy":"post_tag","embeddable":true,"href":"https:\/\/linitiative.ca\/International\/wp-json\/wp\/v2\/tags?post=115336"}],"curies":[{"name":"wp","href":"https:\/\/api.w.org\/{rel}","templated":true}]}}