{"id":115338,"date":"2021-04-21T15:14:12","date_gmt":"2021-04-21T19:14:12","guid":{"rendered":"https:\/\/linitiative.ca\/International\/pros-milan-ac-bennacer-contraint-de-declarer-forfait-face-a-sassuolo\/"},"modified":"2021-04-21T15:14:12","modified_gmt":"2021-04-21T19:14:12","slug":"pros-milan-ac-bennacer-contraint-de-declarer-forfait-face-a-sassuolo","status":"publish","type":"post","link":"https:\/\/linitiative.ca\/International\/pros-milan-ac-bennacer-contraint-de-declarer-forfait-face-a-sassuolo\/","title":{"rendered":"Pros : Milan AC : Bennacer contraint de d\u00e9clarer forfait face \u00e0 Sassuolo"},"content":{"rendered":"<div readability=\"32\">\n<p>Auteur : <span class=\"time\">mercredi 21 avril 2021 18:46<\/span><\/p>\n<\/div>\n<div id=\"post_core\" readability=\"35\">\n<p>C&rsquo;est le joueur lui-m\u00eame qui a annonc\u00e9 son forfait ce mercredi sur les r\u00e9seaux sociaux. Bennacer a expliqu\u00e9 avoir re\u00e7u un coup \u00e0 la cheville lors de la derni\u00e8re rencontre de son \u00e9quipe. L&rsquo;international alg\u00e9rien a tout de m\u00eame rassur\u00e9 les supporters en expliquant que cette blessure n&rsquo;avait rien de s\u00e9rieux. Le milieu de terrain des Rossonneri s&rsquo;est d\u00e9clar\u00e9 d\u00e9\u00e7u de ne pas participer au match face \u00e0 Sassuolo mais il fait pleinement confiance \u00e0 ses co\u00e9quipiers pour remporter les trois points.<\/p>\n<p><strong>Publi\u00e9 dans :<\/strong> <span>BENNACER<\/span><\/p>\n<\/div>\n<p>Auteur:<br \/>\n<a href=\"http:\/\/www.lebuteur.com\/article\/detail?titre=milan-ac-bennacer-contraint-de-declarer-forfait-face-a-sassuolo&#038;id=99797&#038;utm_source=feedburner&#038;utm_medium=feed&#038;utm_campaign=Feed%3A+GalerieFArtciles+%28Les+derniers+articles++-+lebuteur.com%29\">Cliquez ici pour lire l&rsquo;article depuis sa source.<\/a><\/p>\n","protected":false},"excerpt":{"rendered":"<p>Auteur : mercredi 21 avril 2021 18:46 C&rsquo;est le joueur lui-m\u00eame qui a annonc\u00e9 son forfait ce mercredi sur les r\u00e9seaux sociaux. Bennacer a expliqu\u00e9 avoir re\u00e7u un coup \u00e0 la cheville lors de la derni\u00e8re rencontre de son \u00e9quipe. L&rsquo;international alg\u00e9rien a tout de m\u00eame rassur\u00e9 les supporters en expliquant que cette blessure n&rsquo;avait [&hellip;]<\/p>\n","protected":false},"author":1738,"featured_media":0,"comment_status":"closed","ping_status":"closed","sticky":false,"template":"","format":"standard","meta":{"fifu_image_url":"\/\/cdn.lebuteur.com\/data\/images\/article\/thumbs\/large-milan-ac-bennacer-oblige-de-declarer-forfait-face-a-sassuolo-b7e3e.jpg","fifu_image_alt":"Pros : Milan AC : Bennacer contraint de d\u00e9clarer forfait face \u00e0 Sassuolo","footnotes":""},"categories":[53,75],"tags":[],"class_list":["post-115338","post","type-post","status-publish","format-standard","hentry","category-algerie","category-sport"],"_links":{"self":[{"href":"https:\/\/linitiative.ca\/International\/wp-json\/wp\/v2\/posts\/115338","targetHints":{"allow":["GET"]}}],"collection":[{"href":"https:\/\/linitiative.ca\/International\/wp-json\/wp\/v2\/posts"}],"about":[{"href":"https:\/\/linitiative.ca\/International\/wp-json\/wp\/v2\/types\/post"}],"author":[{"embeddable":true,"href":"https:\/\/linitiative.ca\/International\/wp-json\/wp\/v2\/users\/1738"}],"replies":[{"embeddable":true,"href":"https:\/\/linitiative.ca\/International\/wp-json\/wp\/v2\/comments?post=115338"}],"version-history":[{"count":0,"href":"https:\/\/linitiative.ca\/International\/wp-json\/wp\/v2\/posts\/115338\/revisions"}],"wp:attachment":[{"href":"https:\/\/linitiative.ca\/International\/wp-json\/wp\/v2\/media?parent=115338"}],"wp:term":[{"taxonomy":"category","embeddable":true,"href":"https:\/\/linitiative.ca\/International\/wp-json\/wp\/v2\/categories?post=115338"},{"taxonomy":"post_tag","embeddable":true,"href":"https:\/\/linitiative.ca\/International\/wp-json\/wp\/v2\/tags?post=115338"}],"curies":[{"name":"wp","href":"https:\/\/api.w.org\/{rel}","templated":true}]}}