{"id":115339,"date":"2021-04-21T11:46:08","date_gmt":"2021-04-21T15:46:08","guid":{"rendered":"https:\/\/linitiative.ca\/International\/justice-maintien-en-detention-des-22-manifestants-grevistes-de-la-faim\/"},"modified":"2021-04-21T11:46:08","modified_gmt":"2021-04-21T15:46:08","slug":"justice-maintien-en-detention-des-22-manifestants-grevistes-de-la-faim","status":"publish","type":"post","link":"https:\/\/linitiative.ca\/International\/justice-maintien-en-detention-des-22-manifestants-grevistes-de-la-faim\/","title":{"rendered":"Justice : Maintien en d\u00e9tention des 22 manifestants gr\u00e9vistes de la faim\u00a0"},"content":{"rendered":"<h4 class=\"title-14\"\/>\n<p><strong><em>La chambre d\u2019accusation de la cour de justice d\u2019Alger (Ruisseau) a confirm\u00e9, aujourd\u2019hui mercredi 21 avril, les mandats de d\u00e9p\u00f4ts prononc\u00e9s par les juges d\u2019instruction des tribunaux de Sidi M\u2019hamed et de Bab El Oued (Hammamet), le 5 avril dernier \u00e0 l\u2019encontre de 22 d\u00e9tenus arr\u00eat\u00e9s 48 heures auparavant, le samedi 3 avril, lors d\u2019une tentative de marche.<\/em><\/strong><\/p>\n<p>Il s\u2019agit de Abdelhak Ben Rahmani, Talhi Sa\u00efd, Slimane Hocine, Abdelli Zouhir Abdeldjalil, Ahmed Betrouni, Walid Oudjit, Agoumadz Bachir, Menkhel Mohamed Lamine, Salah Abdelhakim, Malek Abdelhalim, pr\u00e9sent\u00e9s au tribunal de Bab El Oued, et Adel Bensaada, Ahmed Ouakli, Omar Lerari, Lotfi Bouguerra, Benameur Belkacem Rachid, Ali Senouci, Fatehi Diyaoui, Ahmed Lakhdari, Lounes Boutankikt, Zakaria Metidji, Taazibt Abdelkayoum, Aimad Guendoul, Mohamed Selmane, qui eux s\u2019\u00e9taient retrouv\u00e9s au tribunal de Sidi M\u2019hamed. Ces 22 d\u00e9tenus sont depuis en gr\u00e8ve de la faim.<\/p>\n<p><span class=\"post-views-label\">Post Views:<\/span> <span class=\"post-views-count\">288<\/span><\/p>\n<p><br class=\"c3\"\/><\/p>\n<div class=\"ichhar-moneytagnative c5\" id=\"ichhar-1718805042\">\n<p>Advertisements<\/p>\n<\/div>\n<p><br class=\"c3\"\/><br \/>\n<br class=\"c6\"\/><\/p>\n<p>Auteur: Mohand Yahiaoui<br \/>\n<a href=\"https:\/\/www.elwatan.com\/edition\/actualite\/justice-maintien-en-detention-des-22-manifestants-grevistes-de-la-faim-21-04-2021\">Cliquez ici pour lire l&rsquo;article depuis sa source.<\/a><\/p>\n","protected":false},"excerpt":{"rendered":"<p>La chambre d\u2019accusation de la cour de justice d\u2019Alger (Ruisseau) a confirm\u00e9, aujourd\u2019hui mercredi 21 avril, les mandats de d\u00e9p\u00f4ts prononc\u00e9s par les juges d\u2019instruction des tribunaux de Sidi M\u2019hamed et de Bab El Oued (Hammamet), le 5 avril dernier \u00e0 l\u2019encontre de 22 d\u00e9tenus arr\u00eat\u00e9s 48 heures auparavant, le samedi 3 avril, lors d\u2019une [&hellip;]<\/p>\n","protected":false},"author":1743,"featured_media":0,"comment_status":"closed","ping_status":"closed","sticky":false,"template":"","format":"standard","meta":{"fifu_image_url":"","fifu_image_alt":"","footnotes":""},"categories":[73,53],"tags":[],"class_list":["post-115339","post","type-post","status-publish","format-standard","hentry","category-actualite","category-algerie"],"_links":{"self":[{"href":"https:\/\/linitiative.ca\/International\/wp-json\/wp\/v2\/posts\/115339","targetHints":{"allow":["GET"]}}],"collection":[{"href":"https:\/\/linitiative.ca\/International\/wp-json\/wp\/v2\/posts"}],"about":[{"href":"https:\/\/linitiative.ca\/International\/wp-json\/wp\/v2\/types\/post"}],"author":[{"embeddable":true,"href":"https:\/\/linitiative.ca\/International\/wp-json\/wp\/v2\/users\/1743"}],"replies":[{"embeddable":true,"href":"https:\/\/linitiative.ca\/International\/wp-json\/wp\/v2\/comments?post=115339"}],"version-history":[{"count":0,"href":"https:\/\/linitiative.ca\/International\/wp-json\/wp\/v2\/posts\/115339\/revisions"}],"wp:attachment":[{"href":"https:\/\/linitiative.ca\/International\/wp-json\/wp\/v2\/media?parent=115339"}],"wp:term":[{"taxonomy":"category","embeddable":true,"href":"https:\/\/linitiative.ca\/International\/wp-json\/wp\/v2\/categories?post=115339"},{"taxonomy":"post_tag","embeddable":true,"href":"https:\/\/linitiative.ca\/International\/wp-json\/wp\/v2\/tags?post=115339"}],"curies":[{"name":"wp","href":"https:\/\/api.w.org\/{rel}","templated":true}]}}