{"id":115340,"date":"2021-04-21T03:00:00","date_gmt":"2021-04-21T07:00:00","guid":{"rendered":"https:\/\/linitiative.ca\/International\/mechichi-ira-t-il-a-washington-avec-majoul-et-taboubi\/"},"modified":"2021-04-21T03:00:00","modified_gmt":"2021-04-21T07:00:00","slug":"mechichi-ira-t-il-a-washington-avec-majoul-et-taboubi","status":"publish","type":"post","link":"https:\/\/linitiative.ca\/International\/mechichi-ira-t-il-a-washington-avec-majoul-et-taboubi\/","title":{"rendered":"Mechichi ira-t-il \u00e0 Washington, avec Majoul et Taboubi ?"},"content":{"rendered":"<p>L\u2019option est s\u00e9rieusement envisag\u00e9e \u00e0 la Kasbah. Le chef du gouvernement, Hichem Mechichi conduirait lui-m\u00eame la d\u00e9l\u00e9gation tunisienne devant se rendre le 3 mai prochain \u00e0 Washington DC, rencontrer de hauts dirigeants du Fonds mon\u00e9taire international (FMI). L\u2019id\u00e9e serait qu\u2019il y soit accompagn\u00e9, outre le Gouverneur de la Banque centrale et le ministre de l\u2019Economie, des Finances et de l\u2019Appui \u00e0 l\u2019investissement, des premiers dirigeants de l\u2019UTICA et de l\u2019UGTT, Samir Majoul et Noureddine Taboubi.<\/p>\n<p>Ce qui est pour le moment confirm\u00e9, selon des sources bien inform\u00e9es, c\u2019est que Marouane El Abassi, Ali Kooli, Samir Majoul et Noureddine Taboubi se rendront bien \u00e0 la capitale f\u00e9d\u00e9rale am\u00e9ricaine. Mechichi, d\u00e9l\u00e8guera son directeur de cabinet Moez Mokaddem, et deux de ses conseillers Zakaria Belkhodja et Abdessalem Abbassi. Vis-\u00e0-vis du FMI, la Tunisie entend donner un signal fort de l&rsquo;engagement commun pris par le gouvernement, l&rsquo;UTICA\u00a0et l&rsquo;UGTT pour la mise en oeuvre du plan de redressement et des r\u00e9formes n\u00e9cessaires.<br \/>\u00a0<\/p>\n<p>Auteur:<br \/>\n<a href=\"https:\/\/www.leaders.com.tn\/article\/31757-mechichi-irait-il-a-washington-avec-majoul-et-taboubi\">Cliquez ici pour lire l&rsquo;article depuis sa source.<\/a><\/p>\n","protected":false},"excerpt":{"rendered":"<p>L\u2019option est s\u00e9rieusement envisag\u00e9e \u00e0 la Kasbah. Le chef du gouvernement, Hichem Mechichi conduirait lui-m\u00eame la d\u00e9l\u00e9gation tunisienne devant se rendre le 3 mai prochain \u00e0 Washington DC, rencontrer de hauts dirigeants du Fonds mon\u00e9taire international (FMI). L\u2019id\u00e9e serait qu\u2019il y soit accompagn\u00e9, outre le Gouverneur de la Banque centrale et le ministre de l\u2019Economie, [&hellip;]<\/p>\n","protected":false},"author":1772,"featured_media":0,"comment_status":"closed","ping_status":"closed","sticky":false,"template":"","format":"standard","meta":{"fifu_image_url":"","fifu_image_alt":"","footnotes":""},"categories":[73,55],"tags":[],"class_list":["post-115340","post","type-post","status-publish","format-standard","hentry","category-actualite","category-tunisie"],"_links":{"self":[{"href":"https:\/\/linitiative.ca\/International\/wp-json\/wp\/v2\/posts\/115340","targetHints":{"allow":["GET"]}}],"collection":[{"href":"https:\/\/linitiative.ca\/International\/wp-json\/wp\/v2\/posts"}],"about":[{"href":"https:\/\/linitiative.ca\/International\/wp-json\/wp\/v2\/types\/post"}],"author":[{"embeddable":true,"href":"https:\/\/linitiative.ca\/International\/wp-json\/wp\/v2\/users\/1772"}],"replies":[{"embeddable":true,"href":"https:\/\/linitiative.ca\/International\/wp-json\/wp\/v2\/comments?post=115340"}],"version-history":[{"count":0,"href":"https:\/\/linitiative.ca\/International\/wp-json\/wp\/v2\/posts\/115340\/revisions"}],"wp:attachment":[{"href":"https:\/\/linitiative.ca\/International\/wp-json\/wp\/v2\/media?parent=115340"}],"wp:term":[{"taxonomy":"category","embeddable":true,"href":"https:\/\/linitiative.ca\/International\/wp-json\/wp\/v2\/categories?post=115340"},{"taxonomy":"post_tag","embeddable":true,"href":"https:\/\/linitiative.ca\/International\/wp-json\/wp\/v2\/tags?post=115340"}],"curies":[{"name":"wp","href":"https:\/\/api.w.org\/{rel}","templated":true}]}}