{"id":115341,"date":"2021-04-21T04:20:00","date_gmt":"2021-04-21T08:20:00","guid":{"rendered":"https:\/\/linitiative.ca\/International\/lambassadeur-moez-mahmoudi-renforce-le-cabinet-du-ministre-de-leconomie-ali-kooli\/"},"modified":"2021-04-21T04:20:00","modified_gmt":"2021-04-21T08:20:00","slug":"lambassadeur-moez-mahmoudi-renforce-le-cabinet-du-ministre-de-leconomie-ali-kooli","status":"publish","type":"post","link":"https:\/\/linitiative.ca\/International\/lambassadeur-moez-mahmoudi-renforce-le-cabinet-du-ministre-de-leconomie-ali-kooli\/","title":{"rendered":"L\u2019ambassadeur Moez Mahmoudi renforce le cabinet du ministre de l\u2019Economie, Ali Kooli"},"content":{"rendered":"<p>C\u2019est une premi\u00e8re, depuis de longues ann\u00e9es. Un diplomate de haut rang, <a href=\"https:\/\/www.leaders.com.tn\/article\/31758-moez-mehdi-mahmoudi\" target=\"_blank\" rel=\"noopener\">Moez Mehdi Mahmoudi<\/a> est nomm\u00e9 conseiller diplomatique aupr\u00e8s du ministre de l\u2019Economie, des Finances et de l\u2019appui \u00e0 l\u2019investissement. Ministre pl\u00e9nipotentiaire, ancien ambassadeur \u00e0 Stockholm (2017 \u2013 2019), apr\u00e8s avoir \u00e9t\u00e9 notamment chef de mission adjoint \u00e0 l\u2019ambassade de Tunisie \u00e0 Washington (2015 -2017), et \u00e0 Pretoria (Afrique du Sud, 2006 -2011), cet angliciste, de 53 ans, avait rejoint le minist\u00e8re des Affaires \u00e9trang\u00e8res, il y a 27 ans, en 1993. Sa premi\u00e8re affectation en poste diplomatique \u00e0 l\u2019\u00e9tranger avait \u00e9t\u00e9 Islamabad (Pakistan, 1998 -2003). Jusque-l\u00e0, il \u00e9tait, depuis son retour de Su\u00e8de cet \u00e9t\u00e9, directeur pour les organisations r\u00e9gionales africaines, au sein du minist\u00e8re des Affaires \u00e9trang\u00e8res.<\/p>\n<p>Ce qu\u2019il faut retenir le plus, c\u2019est l\u2019heureuse initiative du ministre Ali Kooli de s\u2019adjoindre \u00e0 ses c\u00f4t\u00e9s un ambassadeur qui sera utile \u00e0 son vaste d\u00e9partement, tant pour la coop\u00e9ration internationale, que l\u2019investissement. Il faut dire qu\u2019il ne lui a pas \u00e9t\u00e9 facile d\u2019obtenir le d\u00e9tachement de Mahmoudi, demand\u00e9 depuis des mois. Lui-m\u00eame, fils d\u2019un ancien ambassadeur (feu Mongi Kooli, qui \u00e9tait \u00e0 Madrid et Prague) et secr\u00e9taire d\u2019Etat aux Affaires \u00e9trang\u00e8res, le ministre mesure l\u2019importance de l\u2019appareil diplomatique dans l\u2019appui de l\u2019action des minist\u00e8res. Cette tradition, instaur\u00e9e par Bourguiba au lendemain de l\u2019ind\u00e9pendance (F\u00e9rid Soudani, Zine Mestiri, Zine Houki, etc.) a \u00e9t\u00e9 interrompue. Le statut du personnel des Affaires \u00e9trang\u00e8res ne favorise pas en effet la carri\u00e8re des diplomates qui partent en d\u00e9tachement aupr\u00e8s d\u2019autres d\u00e9partements, ce qui est \u00e0 r\u00e9viser. Rien n\u2019est en effet plus enrichissant, pour tous que des diplomates profitent de leur retour \u00e0 Tunis, entre deux postes \u00e0 l\u2019\u00e9tranger, aillent servir dans des minist\u00e8res o\u00f9 ils seront utiles et dont ils apprendront le fonctionnement au quotidien. Le p\u00e9rim\u00e8tre des affectations pourrait d\u2019ailleurs s\u2019\u00e9tendre aux gouvernorats et aux municipalit\u00e9s des grandes villes pour doper la coop\u00e9ration d\u00e9centralis\u00e9e.<\/p>\n<h2>Deux autres recrues<\/h2>\n<p>Outre l\u2019ambassadeur Mahmoudi, Mohamed Ali Azaiez et Karim Marzouk sont nomm\u00e9s, \u00e9galement, charg\u00e9s de mission au cabinet du ministre de l&rsquo;Economie, des Finances et de l&rsquo;Appui \u00e0 l&rsquo;investissement. Aza\u00efez qui avait \u00e9t\u00e9 conseiller au m\u00eame d\u00e9partement, aupr\u00e8s de Zied Ladhari, retrouve ses m\u00eames fonctions, devant s\u2019occuper particuli\u00e8rement du d\u00e9veloppement r\u00e9gional.<\/p>\n<p>Quant \u00e0 Marzouk, 45 ans, financier et gestionnaire (IHEC et Paris-Dauphine), il vient de la banque (Bank ABC), apr\u00e8s une exp\u00e9rience de 10 ans \u00e0 la direction g\u00e9n\u00e9rale d\u2019un groupe industriel \u00e9tranger implant\u00e9 \u00e0 Menzel Bourguiba et des ann\u00e9es d\u2019enseignement universitaires \u00e0 Sfax et Sousse. Au sein du cabinet, il assurera le suivi des relations avec l\u2019ARP, les partis politiques et les organisations nationales, ainsi que les programmes de coop\u00e9ration internationale.<\/p>\n<p>Auteur:<br \/>\n<a href=\"https:\/\/www.leaders.com.tn\/article\/31759-l-ambassadeur-moez-mahmoudi-renforce-le-cabinet-du-ministre-de-l-economie-ali-kooli\">Cliquez ici pour lire l&rsquo;article depuis sa source.<\/a><\/p>\n","protected":false},"excerpt":{"rendered":"<p>C\u2019est une premi\u00e8re, depuis de longues ann\u00e9es. Un diplomate de haut rang, Moez Mehdi Mahmoudi est nomm\u00e9 conseiller diplomatique aupr\u00e8s du ministre de l\u2019Economie, des Finances et de l\u2019appui \u00e0 l\u2019investissement. Ministre pl\u00e9nipotentiaire, ancien ambassadeur \u00e0 Stockholm (2017 \u2013 2019), apr\u00e8s avoir \u00e9t\u00e9 notamment chef de mission adjoint \u00e0 l\u2019ambassade de Tunisie \u00e0 Washington (2015 [&hellip;]<\/p>\n","protected":false},"author":1772,"featured_media":0,"comment_status":"closed","ping_status":"closed","sticky":false,"template":"","format":"standard","meta":{"fifu_image_url":"","fifu_image_alt":"","footnotes":""},"categories":[73,55],"tags":[],"class_list":["post-115341","post","type-post","status-publish","format-standard","hentry","category-actualite","category-tunisie"],"_links":{"self":[{"href":"https:\/\/linitiative.ca\/International\/wp-json\/wp\/v2\/posts\/115341","targetHints":{"allow":["GET"]}}],"collection":[{"href":"https:\/\/linitiative.ca\/International\/wp-json\/wp\/v2\/posts"}],"about":[{"href":"https:\/\/linitiative.ca\/International\/wp-json\/wp\/v2\/types\/post"}],"author":[{"embeddable":true,"href":"https:\/\/linitiative.ca\/International\/wp-json\/wp\/v2\/users\/1772"}],"replies":[{"embeddable":true,"href":"https:\/\/linitiative.ca\/International\/wp-json\/wp\/v2\/comments?post=115341"}],"version-history":[{"count":0,"href":"https:\/\/linitiative.ca\/International\/wp-json\/wp\/v2\/posts\/115341\/revisions"}],"wp:attachment":[{"href":"https:\/\/linitiative.ca\/International\/wp-json\/wp\/v2\/media?parent=115341"}],"wp:term":[{"taxonomy":"category","embeddable":true,"href":"https:\/\/linitiative.ca\/International\/wp-json\/wp\/v2\/categories?post=115341"},{"taxonomy":"post_tag","embeddable":true,"href":"https:\/\/linitiative.ca\/International\/wp-json\/wp\/v2\/tags?post=115341"}],"curies":[{"name":"wp","href":"https:\/\/api.w.org\/{rel}","templated":true}]}}