{"id":115342,"date":"2021-04-21T05:16:00","date_gmt":"2021-04-21T09:16:00","guid":{"rendered":"https:\/\/linitiative.ca\/International\/moez-mehdi-mahmoudi\/"},"modified":"2021-04-21T05:16:00","modified_gmt":"2021-04-21T09:16:00","slug":"moez-mehdi-mahmoudi","status":"publish","type":"post","link":"https:\/\/linitiative.ca\/International\/moez-mehdi-mahmoudi\/","title":{"rendered":"Moez Mehdi Mahmoudi"},"content":{"rendered":"<p>Date et lieu de naissance : 14 septembre 1966 \u00e0 Tunis<\/p>\n<p>Mari\u00e9 et p\u00e8re de deux enfants<\/p>\n<p>Diplomate de carri\u00e8re, ministre pl\u00e9nipotentiaire, ancien ambassadeur de Tunisie \u00e0 Stockholm<br \/>Charg\u00e9 de mission aupr\u00e8s du ministre des Finances, de l\u2019Investissement et de l\u2019appui \u00e0 l\u2019\u00e9conomie (depuis avril 2021)<\/p>\n<p><span class=\"c2\"><strong>Dipl\u00f4mes<\/strong><\/span><\/p>\n<p class=\"c4\"><span class=\"c3\"><strong>\u2022<\/strong><\/span> Ma\u00eetrise \u00e8s-Lettres anglaises, \u00c9cole Normale Sup\u00e9rieure, Sousse, 1989.<\/p>\n<p class=\"c4\"><span class=\"c3\"><strong>\u2022<\/strong><\/span> Certificat en psychop\u00e9dagogie: ENS\/Universit\u00e9 de Manchester, 1989.<\/p>\n<p class=\"c4\"><span class=\"c3\"><strong>\u2022<\/strong><\/span> Postgraduate Certificate in Diplomatic Studies, Oxford University, 1996.<\/p>\n<p><span class=\"c2\"><strong>Carri\u00e8re professionnelle<\/strong><\/span><\/p>\n<p><span class=\"c3\"><strong>Novembre 2020:<\/strong><\/span> Directeur pour les organisations r\u00e9gionales africaines<\/p>\n<p><span class=\"c3\"><strong>Septembre 2017-Ao\u00fbt \u2013 2020:<\/strong><\/span> Ambassadeur Extraordinaire et Pl\u00e9nipotentiaire de la R\u00e9publique Tunisienne aupr\u00e8s des Royaumes de Su\u00e8de et du Danemark<\/p>\n<p><span class=\"c3\"><strong>2015-2017:<\/strong><\/span> Chef de Mission Adjoint \u00e0 l\u2019Ambassade de Tunisie \u00e0 Washington DC.<\/p>\n<p><span class=\"c3\"><strong>2015:<\/strong><\/span> Promu au grade de Ministre Pl\u00e9nipotentiaire<\/p>\n<p><span class=\"c3\"><strong>2011-2015:<\/strong><\/span> Directeur Adjoint pour l\u2019Asie Pacifique, la Cor\u00e9e, le Japon et l\u2019Australie \u00e0 la Direction G\u00e9n\u00e9rale pour les Am\u00e9riques et l\u2019Asie au minist\u00e8re des Affaires \u00e9trang\u00e8res \u00e0 Tunis<\/p>\n<p><span class=\"c3\"><strong>2006-2011:<\/strong><\/span> Chef de mission adjoint \u00e0 l\u2019ambassade de Tunisie \u00e0 Pretoria, Afrique du Sud<\/p>\n<p><span class=\"c3\"><strong>2003-2006:<\/strong><\/span> Chef de division pour l\u2019Afrique australe \u00e0 la direction g\u00e9n\u00e9rale pour l\u2019Afrique, minist\u00e8re des Affaires \u00e9trang\u00e8res<\/p>\n<p><span class=\"c3\"><strong>1998-2003:<\/strong><\/span> Premier Secr\u00e9taire charg\u00e9 des affaires politiques et \u00e9conomiques \u00e0 l\u2019ambassade de Tunisie \u00e0 Islamabad, Pakistan<\/p>\n<p><span class=\"c3\"><strong>1994-1998:<\/strong><\/span> Secr\u00e9taire des affaires \u00e9trang\u00e8res, division \u00c9tats-Unis.<\/p>\n<p><span class=\"c3\"><strong>1993:<\/strong><\/span> Rejoint le minist\u00e8re des Affaires \u00e9trang\u00e8res<\/p>\n<p>Auteur:<br \/>\n<a href=\"https:\/\/www.leaders.com.tn\/article\/31758-moez-mehdi-mahmoudi\">Cliquez ici pour lire l&rsquo;article depuis sa source.<\/a><\/p>\n","protected":false},"excerpt":{"rendered":"<p>Date et lieu de naissance : 14 septembre 1966 \u00e0 Tunis Mari\u00e9 et p\u00e8re de deux enfants Diplomate de carri\u00e8re, ministre pl\u00e9nipotentiaire, ancien ambassadeur de Tunisie \u00e0 StockholmCharg\u00e9 de mission aupr\u00e8s du ministre des Finances, de l\u2019Investissement et de l\u2019appui \u00e0 l\u2019\u00e9conomie (depuis avril 2021) Dipl\u00f4mes \u2022 Ma\u00eetrise \u00e8s-Lettres anglaises, \u00c9cole Normale Sup\u00e9rieure, Sousse, 1989. [&hellip;]<\/p>\n","protected":false},"author":1772,"featured_media":0,"comment_status":"closed","ping_status":"closed","sticky":false,"template":"","format":"standard","meta":{"fifu_image_url":"","fifu_image_alt":"","footnotes":""},"categories":[73,55],"tags":[],"class_list":["post-115342","post","type-post","status-publish","format-standard","hentry","category-actualite","category-tunisie"],"_links":{"self":[{"href":"https:\/\/linitiative.ca\/International\/wp-json\/wp\/v2\/posts\/115342","targetHints":{"allow":["GET"]}}],"collection":[{"href":"https:\/\/linitiative.ca\/International\/wp-json\/wp\/v2\/posts"}],"about":[{"href":"https:\/\/linitiative.ca\/International\/wp-json\/wp\/v2\/types\/post"}],"author":[{"embeddable":true,"href":"https:\/\/linitiative.ca\/International\/wp-json\/wp\/v2\/users\/1772"}],"replies":[{"embeddable":true,"href":"https:\/\/linitiative.ca\/International\/wp-json\/wp\/v2\/comments?post=115342"}],"version-history":[{"count":0,"href":"https:\/\/linitiative.ca\/International\/wp-json\/wp\/v2\/posts\/115342\/revisions"}],"wp:attachment":[{"href":"https:\/\/linitiative.ca\/International\/wp-json\/wp\/v2\/media?parent=115342"}],"wp:term":[{"taxonomy":"category","embeddable":true,"href":"https:\/\/linitiative.ca\/International\/wp-json\/wp\/v2\/categories?post=115342"},{"taxonomy":"post_tag","embeddable":true,"href":"https:\/\/linitiative.ca\/International\/wp-json\/wp\/v2\/tags?post=115342"}],"curies":[{"name":"wp","href":"https:\/\/api.w.org\/{rel}","templated":true}]}}