{"id":115345,"date":"2021-04-21T06:00:00","date_gmt":"2021-04-21T10:00:00","guid":{"rendered":"https:\/\/linitiative.ca\/International\/annulations-necessaires\/"},"modified":"2021-04-21T06:00:00","modified_gmt":"2021-04-21T10:00:00","slug":"annulations-necessaires","status":"publish","type":"post","link":"https:\/\/linitiative.ca\/International\/annulations-necessaires\/","title":{"rendered":"Annulations n\u00e9cessaires"},"content":{"rendered":"<div readability=\"30.197368421053\"><a href=\"\/contribution\/apprendre-a-prendre-soin-de-soi-et-de-lautre-59959\"><\/p>\n<div class=\"image\"><img class=\"lazy\" data-original=\"\/data\/images\/article\/thumbs\/ls-apprendre-a-prendre-soin-de-soi-et-de-lautre-360dd.jpg\"\/><\/p>\n<p><span>1<\/span><\/p>\n<\/div>\n<p><\/a><\/p>\n<p class=\"type-date\"><span>Contribution<\/span> 11:00 | 21-04-2021<\/p>\n<p><a href=\"\/contribution\/apprendre-a-prendre-soin-de-soi-et-de-lautre-59959\"><\/p>\n<h5 class=\"first-title\"\/>\n<\/a> <a href=\"\/contribution\/apprendre-a-prendre-soin-de-soi-et-de-lautre-59959\"><\/p>\n<h5 class=\"title\">Apprendre \u00e0 prendre soin de soi et de l\u2019autre<\/h5>\n<p><\/a><\/p>\n<p class=\"text\">L\u2019\u00eatre humain au cours de son existence ne cesse de communiquer avec les membres de la soci\u00e9t\u00e9 humaine dans laquelle il vit. Il cr\u00e9e \u00e0 cet effet des liens sociaux et affectifs avec certains d\u2019entre eux. Ces liens<\/p>\n<\/div>\n<div readability=\"38.540145985401\"><a href=\"\/actualites\/le-front-anti-rachad-se-consolide-59942\"><\/p>\n<div class=\"image\"><img class=\"lazy\" data-original=\"\/data\/images\/article\/thumbs\/ls-59942le-front-anti-rachad-se-consolide-9bdc1.jpg\"\/><\/p>\n<p><span>2<\/span><\/p>\n<\/div>\n<p><\/a><\/p>\n<p class=\"type-date\"><span>Actualit\u00e9s<\/span> 11:00 | 20-04-2021<\/p>\n<p><a href=\"\/actualites\/le-front-anti-rachad-se-consolide-59942\"><\/p>\n<h5 class=\"first-title\">L\u2019ORGANISATION TERRORISTE DE PLUS EN PLUS ISOL\u00c9E<\/h5>\n<p><\/a> <a href=\"\/actualites\/le-front-anti-rachad-se-consolide-59942\"><\/p>\n<h5 class=\"title\">Le front anti-Rachad se consolide<\/h5>\n<p><\/a><\/p>\n<p class=\"text\">Au cours de ces trois derniers jours, l\u2019on a vu, en effet, une action initi\u00e9e par un groupe d\u2019avocats du barreau d\u2019Alger en vue de radicaliser les positions alg\u00e9riennes \u00e0 l\u2019\u00e9gard de cette organisation jug\u00e9e dangereuse pour la stabilit\u00e9 du pays et qui a surtout tent\u00e9 de se greffer du mieux qu\u2019elle le pouvait au mouvement populaire \u00e0 la recherche d\u2019un changement qualitatif dans le pays. Ces avocats, ils sont quatre, ont saisi, comme on le sait, le garde des Sceaux lui demandant de qualifier Rachad de groupe terroriste en mettant en action les<\/p>\n<\/div>\n<p>Auteur:<br \/>\n<a href=\"https:\/\/www.lesoirdalgerie.com\/periscoop\/annulations-necessaires-59961\">Cliquez ici pour lire l&rsquo;article depuis sa source.<\/a><\/p>\n","protected":false},"excerpt":{"rendered":"<p>1 Contribution 11:00 | 21-04-2021 Apprendre \u00e0 prendre soin de soi et de l\u2019autre L\u2019\u00eatre humain au cours de son existence ne cesse de communiquer avec les membres de la soci\u00e9t\u00e9 humaine dans laquelle il vit. Il cr\u00e9e \u00e0 cet effet des liens sociaux et affectifs avec certains d\u2019entre eux. Ces liens 2 Actualit\u00e9s 11:00 [&hellip;]<\/p>\n","protected":false},"author":1741,"featured_media":0,"comment_status":"closed","ping_status":"closed","sticky":false,"template":"","format":"standard","meta":{"fifu_image_url":"","fifu_image_alt":"","footnotes":""},"categories":[73,53],"tags":[],"class_list":["post-115345","post","type-post","status-publish","format-standard","hentry","category-actualite","category-algerie"],"_links":{"self":[{"href":"https:\/\/linitiative.ca\/International\/wp-json\/wp\/v2\/posts\/115345","targetHints":{"allow":["GET"]}}],"collection":[{"href":"https:\/\/linitiative.ca\/International\/wp-json\/wp\/v2\/posts"}],"about":[{"href":"https:\/\/linitiative.ca\/International\/wp-json\/wp\/v2\/types\/post"}],"author":[{"embeddable":true,"href":"https:\/\/linitiative.ca\/International\/wp-json\/wp\/v2\/users\/1741"}],"replies":[{"embeddable":true,"href":"https:\/\/linitiative.ca\/International\/wp-json\/wp\/v2\/comments?post=115345"}],"version-history":[{"count":0,"href":"https:\/\/linitiative.ca\/International\/wp-json\/wp\/v2\/posts\/115345\/revisions"}],"wp:attachment":[{"href":"https:\/\/linitiative.ca\/International\/wp-json\/wp\/v2\/media?parent=115345"}],"wp:term":[{"taxonomy":"category","embeddable":true,"href":"https:\/\/linitiative.ca\/International\/wp-json\/wp\/v2\/categories?post=115345"},{"taxonomy":"post_tag","embeddable":true,"href":"https:\/\/linitiative.ca\/International\/wp-json\/wp\/v2\/tags?post=115345"}],"curies":[{"name":"wp","href":"https:\/\/api.w.org\/{rel}","templated":true}]}}