{"id":115349,"date":"2021-04-21T10:27:31","date_gmt":"2021-04-21T14:27:31","guid":{"rendered":"https:\/\/linitiative.ca\/International\/maroc-israel-la-ligne-aerienne-operationnelle-apres-le-ramadan\/"},"modified":"2021-04-21T10:27:31","modified_gmt":"2021-04-21T14:27:31","slug":"maroc-israel-la-ligne-aerienne-operationnelle-apres-le-ramadan","status":"publish","type":"post","link":"https:\/\/linitiative.ca\/International\/maroc-israel-la-ligne-aerienne-operationnelle-apres-le-ramadan\/","title":{"rendered":"Maroc-Isra\u00ebl : la ligne a\u00e9rienne op\u00e9rationnelle apr\u00e8s le ramadan"},"content":{"rendered":"<p><strong>Le ministre isra\u00e9lien de la coop\u00e9ration r\u00e9gionale, Ofir Akunis, a re\u00e7u le chef du bureau de liaison du Maroc en Isra\u00ebl, Abderrahim Beyyoud. Les deux responsables ont discut\u00e9 des implications du nouvel accord de paix et de la coop\u00e9ration entre les deux pays, rapporte J\u00e9rusalem Post.<\/strong><\/p>\n<div class=\"c10\">\n<\/div>\n<p>\u00ab\u00a0L\u2019accord entre les deux pays a un potentiel \u00e9norme dans les domaines du commerce, de l\u2019\u00e9conomie, du tourisme, de la technologie et de l\u2019innovation. L\u2019accord change fondamentalement la situation politique dans notre r\u00e9gion, cr\u00e9ant une atmosph\u00e8re enti\u00e8rement nouvelle au Moyen-Orient\u00a0\u00bb, a soulign\u00e9 Ofir Akunis lors de cette entrevue. Il a assur\u00e9 \u00e0 Abderrahim Beyyoud qu\u2019il \u00ab\u00a0\u0153uvrerait \u00e0 la promotion de coentreprises entre les deux pays\u00a0\u00bb et que les citoyens isra\u00e9liens, dont beaucoup sont des immigr\u00e9s du Maroc ou ont des anc\u00eatres marocains, \u00ab\u00a0sont heureux et enthousiasm\u00e9s par la relation qui se forge entre les deux pays\u00a0\u00bb.<\/p>\n<p><strong>Lire aussi | <a href=\"https:\/\/www.challenge.ma\/reforme-du-systeme-de-sante-les-details-du-plan-ait-taleb-182203\/\" target=\"_blank\" rel=\"noreferrer noopener\">R\u00e9forme du syst\u00e8me de sant\u00e9 : les d\u00e9tails du plan Ait Taleb<\/a><\/strong><\/p>\n<p>De son c\u00f4t\u00e9, le chef du bureau de liaison du Maroc en Isra\u00ebl a fait part de ses attentes pour l\u2019accord de paix, \u00e0 commencer par son intention de \u00ab renforcer les relations touristiques entre les deux pays en exploitant une ligne de vol direct apr\u00e8s le ramadan \u00bb. \u00ab J\u2019ai h\u00e2te de travailler avec le minist\u00e8re de la coop\u00e9ration r\u00e9gionale sur des projets communs qui profiteront aux deux peuples \u00bb, a conclu Abderrahim Beyyoud.<\/p>\n<p>Auteur: challenge<br \/>\n<a href=\"https:\/\/www.challenge.ma\/maroc-israel-la-ligne-aerienne-operationnelle-apres-le-ramadan-182223\/\">Cliquez ici pour lire l&rsquo;article depuis sa source.<\/a><\/p>\n","protected":false},"excerpt":{"rendered":"<p>Le ministre isra\u00e9lien de la coop\u00e9ration r\u00e9gionale, Ofir Akunis, a re\u00e7u le chef du bureau de liaison du Maroc en Isra\u00ebl, Abderrahim Beyyoud. Les deux responsables ont discut\u00e9 des implications du nouvel accord de paix et de la coop\u00e9ration entre les deux pays, rapporte J\u00e9rusalem Post. \u00ab\u00a0L\u2019accord entre les deux pays a un potentiel \u00e9norme [&hellip;]<\/p>\n","protected":false},"author":1787,"featured_media":0,"comment_status":"closed","ping_status":"closed","sticky":false,"template":"","format":"standard","meta":{"fifu_image_url":"","fifu_image_alt":"","footnotes":""},"categories":[78,54],"tags":[],"class_list":["post-115349","post","type-post","status-publish","format-standard","hentry","category-economie","category-maroc"],"_links":{"self":[{"href":"https:\/\/linitiative.ca\/International\/wp-json\/wp\/v2\/posts\/115349","targetHints":{"allow":["GET"]}}],"collection":[{"href":"https:\/\/linitiative.ca\/International\/wp-json\/wp\/v2\/posts"}],"about":[{"href":"https:\/\/linitiative.ca\/International\/wp-json\/wp\/v2\/types\/post"}],"author":[{"embeddable":true,"href":"https:\/\/linitiative.ca\/International\/wp-json\/wp\/v2\/users\/1787"}],"replies":[{"embeddable":true,"href":"https:\/\/linitiative.ca\/International\/wp-json\/wp\/v2\/comments?post=115349"}],"version-history":[{"count":0,"href":"https:\/\/linitiative.ca\/International\/wp-json\/wp\/v2\/posts\/115349\/revisions"}],"wp:attachment":[{"href":"https:\/\/linitiative.ca\/International\/wp-json\/wp\/v2\/media?parent=115349"}],"wp:term":[{"taxonomy":"category","embeddable":true,"href":"https:\/\/linitiative.ca\/International\/wp-json\/wp\/v2\/categories?post=115349"},{"taxonomy":"post_tag","embeddable":true,"href":"https:\/\/linitiative.ca\/International\/wp-json\/wp\/v2\/tags?post=115349"}],"curies":[{"name":"wp","href":"https:\/\/api.w.org\/{rel}","templated":true}]}}