{"id":115350,"date":"2021-04-21T11:29:24","date_gmt":"2021-04-21T15:29:24","guid":{"rendered":"https:\/\/linitiative.ca\/International\/lisraelien-mehadrin-cultivera-de-lavocat-au-maroc\/"},"modified":"2021-04-21T11:29:24","modified_gmt":"2021-04-21T15:29:24","slug":"lisraelien-mehadrin-cultivera-de-lavocat-au-maroc","status":"publish","type":"post","link":"https:\/\/linitiative.ca\/International\/lisraelien-mehadrin-cultivera-de-lavocat-au-maroc\/","title":{"rendered":"L\u2019isra\u00e9lien Mehadrin cultivera de l\u2019avocat au Maroc"},"content":{"rendered":"<p><strong>Gr\u00e2ce \u00e0 une joint-venture cr\u00e9\u00e9e avec une soci\u00e9t\u00e9 marocaine, l\u2019entreprise isra\u00e9lienne cherche \u00e0 faire face \u00e0 la flamb\u00e9e mondiale de la demande de fruits nutritifs et rentables, souligne en.globes.co.il.<\/strong><\/p>\n<div class=\"c10\">\n<\/div>\n<p>L\u2019acteur majeur des fruits et l\u00e9gumes en Isra\u00ebl \u00e9tend son activit\u00e9 de culture d\u2019avocat \u00e0 l\u2019\u00e9tranger. Il a sign\u00e9 un accord au Maroc, en vertu duquel il cultivera pour la premi\u00e8re fois des fruits hors d\u2019Isra\u00ebl. Dans le cadre de cet accord, sign\u00e9 avec une soci\u00e9t\u00e9 marocaine avec laquelle <a rel=\"noreferrer noopener\" href=\"http:\/\/www.mehadrin.co.il\/\" data-type=\"URL\" data-id=\"http:\/\/www.mehadrin.co.il\/\" target=\"_blank\">Mehadrin<\/a> avait d\u00e9j\u00e0 collabor\u00e9 dans le pass\u00e9, les deux parties loueront 455 ha au Maroc et investiront conjointement 30 millions de shekels (80 millions de DH) lors des trois premi\u00e8res ann\u00e9es d\u2019activit\u00e9.<\/p>\n<p><strong>Lire aussi | <a href=\"https:\/\/www.challenge.ma\/maroc-israel-la-ligne-aerienne-operationnelle-apres-le-ramadan-182223\/\" target=\"_blank\" rel=\"noreferrer noopener\">Maroc-Isra\u00ebl : la ligne a\u00e9rienne op\u00e9rationnelle apr\u00e8s le ramadan<\/a><\/strong><\/p>\n<p>Le d\u00e9marrage de l\u2019activit\u00e9 est subordonn\u00e9 \u00e0 l\u2019obtention des approbations r\u00e9glementaires n\u00e9cessaires \u00e0 la constitution d\u2019une soci\u00e9t\u00e9 commune et \u00e0 la location de la plantation. Mehadrin d\u00e9tiendra 51% de la soci\u00e9t\u00e9. La production annuelle maximale estim\u00e9e de la plantation sera d\u2019environ 10.000 tonnes d\u2019avocat. Les r\u00e9coltes seront commercialis\u00e9es par Mehadrin et son partenaire principalement en Europe. Les fruits impropres \u00e0 l\u2019exportation seront vendus au Royaume. \u00ab\u00a0Le Maroc est un pays avec de bonnes conditions de croissance et avec des co\u00fbts bien inf\u00e9rieurs \u00e0 ceux d\u2019Isra\u00ebl. Il est \u00e9galement un peu plus proche de nos principaux march\u00e9s en Europe\u00a0\u00bb, souligne Shaul Shelach, pr\u00e9sident-directeur g\u00e9n\u00e9ral de Mehadrin. Il estime que, sur la base de l\u2019accord actuel, l\u2019activit\u00e9 au Maroc pourrait repr\u00e9senter un quart de la production d\u2019avocats de Mehadrin.<\/p>\n<p>Auteur: challenge<br \/>\n<a href=\"https:\/\/www.challenge.ma\/lisraelien-mehadrin-lorgne-les-avocats-marocains-182239\/\">Cliquez ici pour lire l&rsquo;article depuis sa source.<\/a><\/p>\n","protected":false},"excerpt":{"rendered":"<p>Gr\u00e2ce \u00e0 une joint-venture cr\u00e9\u00e9e avec une soci\u00e9t\u00e9 marocaine, l\u2019entreprise isra\u00e9lienne cherche \u00e0 faire face \u00e0 la flamb\u00e9e mondiale de la demande de fruits nutritifs et rentables, souligne en.globes.co.il. L\u2019acteur majeur des fruits et l\u00e9gumes en Isra\u00ebl \u00e9tend son activit\u00e9 de culture d\u2019avocat \u00e0 l\u2019\u00e9tranger. Il a sign\u00e9 un accord au Maroc, en vertu duquel [&hellip;]<\/p>\n","protected":false},"author":1787,"featured_media":0,"comment_status":"closed","ping_status":"closed","sticky":false,"template":"","format":"standard","meta":{"fifu_image_url":"","fifu_image_alt":"","footnotes":""},"categories":[78,54],"tags":[],"class_list":["post-115350","post","type-post","status-publish","format-standard","hentry","category-economie","category-maroc"],"_links":{"self":[{"href":"https:\/\/linitiative.ca\/International\/wp-json\/wp\/v2\/posts\/115350","targetHints":{"allow":["GET"]}}],"collection":[{"href":"https:\/\/linitiative.ca\/International\/wp-json\/wp\/v2\/posts"}],"about":[{"href":"https:\/\/linitiative.ca\/International\/wp-json\/wp\/v2\/types\/post"}],"author":[{"embeddable":true,"href":"https:\/\/linitiative.ca\/International\/wp-json\/wp\/v2\/users\/1787"}],"replies":[{"embeddable":true,"href":"https:\/\/linitiative.ca\/International\/wp-json\/wp\/v2\/comments?post=115350"}],"version-history":[{"count":0,"href":"https:\/\/linitiative.ca\/International\/wp-json\/wp\/v2\/posts\/115350\/revisions"}],"wp:attachment":[{"href":"https:\/\/linitiative.ca\/International\/wp-json\/wp\/v2\/media?parent=115350"}],"wp:term":[{"taxonomy":"category","embeddable":true,"href":"https:\/\/linitiative.ca\/International\/wp-json\/wp\/v2\/categories?post=115350"},{"taxonomy":"post_tag","embeddable":true,"href":"https:\/\/linitiative.ca\/International\/wp-json\/wp\/v2\/tags?post=115350"}],"curies":[{"name":"wp","href":"https:\/\/api.w.org\/{rel}","templated":true}]}}