{"id":115352,"date":"2021-04-21T14:31:30","date_gmt":"2021-04-21T18:31:30","guid":{"rendered":"https:\/\/linitiative.ca\/International\/lancement-de-idarati-ma-le-portail-national-des-procedures-et-des-formalites-administratives\/"},"modified":"2021-04-21T14:31:30","modified_gmt":"2021-04-21T18:31:30","slug":"lancement-de-idarati-ma-le-portail-national-des-procedures-et-des-formalites-administratives","status":"publish","type":"post","link":"https:\/\/linitiative.ca\/International\/lancement-de-idarati-ma-le-portail-national-des-procedures-et-des-formalites-administratives\/","title":{"rendered":"Lancement de idarati.ma, le portail National des Proc\u00e9dures et des Formalit\u00e9s Administratives"},"content":{"rendered":"<p><strong>Conscient de l\u2019importance des technologies de l\u2019information dans l\u2019essor de l\u2019administration publique marocaine, le gouvernement et conform\u00e9ment aux hautes orientations royales a plac\u00e9 la transformation num\u00e9rique au c\u0153ur de son programme de r\u00e9formes.<\/strong><\/p>\n<div class=\"c10\">\n<\/div>\n<p>Dans ce sens, le Portail National des Proc\u00e9dures et des Formalit\u00e9s Administratives \u00ab\u00a0Idarati\u00a0\u00bb (<a href=\"http:\/\/www.idarati.ma\">www.idarati.ma<\/a>) a vu le jour ce mercredi 21 Avril 2021. Ce portail aura pour but d\u2019am\u00e9liorer la qualit\u00e9 des services rendus par l\u2019administration aux usagers ainsi que d\u2019instaurer une nouvelle relation fond\u00e9e sur la confiance et la transparence.<\/p>\n<p>Ce portail, \u2013 r\u00e9alis\u00e9 dans le cadre d\u2019un partenariat entre le Minist\u00e8re de l\u2019Int\u00e9rieur, le Minist\u00e8re de l\u2019Economie, des Finances et de la R\u00e9forme de l\u2019administration, le Minist\u00e8re de l\u2019Industrie, du Commerce, de l\u2019Economie Verte et Num\u00e9rique, l\u2019Agence du D\u00e9veloppement du Digital (ADD) et l\u2019Agence Nationale de R\u00e9glementation des T\u00e9l\u00e9communications (ANRT) -, est une interface d\u2019information unifi\u00e9e, int\u00e9gr\u00e9e et multi-espaces qui aura pour r\u00f4le de mettre les informations administratives \u00e0 la disposition de l\u2019usager.<\/p>\n<p><strong>Lire aussi| <a href=\"https:\/\/www.challenge.ma\/lisraelien-mehadrin-lorgne-les-avocats-marocains-182239\/\">L\u2019isra\u00e9lien Mehadrin lorgne les avocats marocains<\/a><\/strong><\/p>\n<p>L\u2019espace informationnel de ce Portail permettra tout usager \u00e0 consulter les proc\u00e9dures et les formalit\u00e9s administratives qu\u2019il se doit d\u2019effectuer aupr\u00e8s des administrations, des \u00e9tablissements et des entreprises publiques ainsi que des collectivit\u00e9s territoriales et toute personne morale assujettie au droit public.<\/p>\n<figure class=\"wp-block-embed is-type-rich is-provider-prise-en-charge-des-contenus-embarques wp-block-embed-prise-en-charge-des-contenus-embarques\">\n<\/figure>\n<p>Aussi, les actes administratifs publi\u00e9s dans le Portail ont \u00e9t\u00e9 recens\u00e9s, document\u00e9s et transcrits par les administrations concern\u00e9es et ce conform\u00e9ment aux disposition de la loi 55.19, loi relative \u00e0 la simplification des proc\u00e9dures et des formalit\u00e9s administratives o\u00f9 sont d\u00e9finis les principes g\u00e9n\u00e9raux r\u00e9gissant les nouvelles relations entre administration et usager.<\/p>\n<p><strong>Lire aussi| <a href=\"https:\/\/www.challenge.ma\/crise-du-covid-19-un-autre-operateur-du-transport-sen-va-181906\/\">Crise du Covid-19 : un autre op\u00e9rateur du transport s\u2019en va<\/a><\/strong><\/p>\n<p>Il s\u2019agit donc d\u2019un premier pas envers le processus de simplification de l\u2019ensemble des proc\u00e9dures et leur d\u00e9mat\u00e9rialisation conform\u00e9ment aux dispositions de ladite loi 55.19. Ult\u00e9rieurement, d\u2019autres versions du Portail comportant de nouvelles fonctionnalistes verront le jour, et ce, toujours dans l\u2019objectif de simplifier davantage le parcours de l\u2019usager et d\u2019am\u00e9liorer la qualit\u00e9 des services qui lui sont offerts et renforcer sa confiance envers l\u2019administration.<\/p>\n<div class=\"vw-sticky-sidebar-wrapper vw-sticky-sidebar widget_text awac-wrapper widget_text awac widget custom_html-4 textwidget custom-html-widget\">\n<p class=\"has-background c13\"><span class=\"widget-title c12\">Tribune et D\u00e9bats<\/span><\/p>\n<p>La tribune qui vous parle d\u2019une actu, d\u2019un sujet qui fait d\u00e9bat, les traite et les analyse. \u00c9conomistes et autres experts, patrons d\u2019entreprises, d\u00e9cideurs, acteurs de la soci\u00e9t\u00e9 civile, s\u2019y prononcent et contribuent \u00e0 sa grande richesse. Vous avez votre opinion, convergente ou diff\u00e9rente. Exprimez-la et mesurez-vous ainsi \u00e0 nos tribuns et d\u00e9batteurs.<\/p>\n<p>Envoyez vos analyses \u00e0 : <a href=\"\/cdn-cgi\/l\/email-protection#5b3834352f3a382f1b38333a37373e353c3e75363a\"><span class=\"__cf_email__\" data-cfemail=\"ec8f8382988d8f98ac8f848d808089828b89c2818d\">[email\u00a0protected]<\/span><\/a>, en pr\u00e9cisant votre nom, votre pr\u00e9nom et votre m\u00e9tier.<\/p>\n<\/div>\n<p>Auteur: Amine Messaoudi<br \/>\n<a href=\"https:\/\/www.challenge.ma\/lancement-du-portail-national-des-procedures-et-des-formalites-administratives-idarati-182265\/\">Cliquez ici pour lire l&rsquo;article depuis sa source.<\/a><\/p>\n","protected":false},"excerpt":{"rendered":"<p>Conscient de l\u2019importance des technologies de l\u2019information dans l\u2019essor de l\u2019administration publique marocaine, le gouvernement et conform\u00e9ment aux hautes orientations royales a plac\u00e9 la transformation num\u00e9rique au c\u0153ur de son programme de r\u00e9formes. Dans ce sens, le Portail National des Proc\u00e9dures et des Formalit\u00e9s Administratives \u00ab\u00a0Idarati\u00a0\u00bb (www.idarati.ma) a vu le jour ce mercredi 21 Avril [&hellip;]<\/p>\n","protected":false},"author":1787,"featured_media":0,"comment_status":"closed","ping_status":"closed","sticky":false,"template":"","format":"standard","meta":{"fifu_image_url":"","fifu_image_alt":"","footnotes":""},"categories":[78,54],"tags":[],"class_list":["post-115352","post","type-post","status-publish","format-standard","hentry","category-economie","category-maroc"],"_links":{"self":[{"href":"https:\/\/linitiative.ca\/International\/wp-json\/wp\/v2\/posts\/115352","targetHints":{"allow":["GET"]}}],"collection":[{"href":"https:\/\/linitiative.ca\/International\/wp-json\/wp\/v2\/posts"}],"about":[{"href":"https:\/\/linitiative.ca\/International\/wp-json\/wp\/v2\/types\/post"}],"author":[{"embeddable":true,"href":"https:\/\/linitiative.ca\/International\/wp-json\/wp\/v2\/users\/1787"}],"replies":[{"embeddable":true,"href":"https:\/\/linitiative.ca\/International\/wp-json\/wp\/v2\/comments?post=115352"}],"version-history":[{"count":0,"href":"https:\/\/linitiative.ca\/International\/wp-json\/wp\/v2\/posts\/115352\/revisions"}],"wp:attachment":[{"href":"https:\/\/linitiative.ca\/International\/wp-json\/wp\/v2\/media?parent=115352"}],"wp:term":[{"taxonomy":"category","embeddable":true,"href":"https:\/\/linitiative.ca\/International\/wp-json\/wp\/v2\/categories?post=115352"},{"taxonomy":"post_tag","embeddable":true,"href":"https:\/\/linitiative.ca\/International\/wp-json\/wp\/v2\/tags?post=115352"}],"curies":[{"name":"wp","href":"https:\/\/api.w.org\/{rel}","templated":true}]}}