{"id":115356,"date":"2021-04-21T17:06:26","date_gmt":"2021-04-21T21:06:26","guid":{"rendered":"https:\/\/linitiative.ca\/International\/libye-egypte-sissi-rafle-la-mise\/"},"modified":"2021-04-21T17:06:26","modified_gmt":"2021-04-21T21:06:26","slug":"libye-egypte-sissi-rafle-la-mise","status":"publish","type":"post","link":"https:\/\/linitiative.ca\/International\/libye-egypte-sissi-rafle-la-mise\/","title":{"rendered":"Libye- \u00c9gypte : Sissi rafle la mise"},"content":{"rendered":"<div class=\"post-cont-in left relative\">\n<div id=\"post-info-wrap\" class=\"left relative post-info-out\">\n<div class=\"post-info-img left relative\"><img decoding=\"async\" alt=\"\" src=\"https:\/\/secure.gravatar.com\/avatar\/b658f27b24160a89d557421a966e5ca1?s=50&amp;d=mm&amp;r=g\" srcset=\"https:\/\/secure.gravatar.com\/avatar\/b658f27b24160a89d557421a966e5ca1?s=100&amp;d=mm&amp;r=g 2x\" class=\"avatar avatar-50 photo\" height=\"50\" width=\"50\" loading=\"lazy\"\/><\/div>\n<div class=\"post-info-in\">\n<div class=\"post-info-right left relative post-info-name left relative\"><span><span class=\"post-info-text\">Par<\/span> <span class=\"author-name vcard fn author\"><a href=\"https:\/\/www.tunisienumerique.com\/author\/htb\/\" title=\"Articles par Mohamed Ben Abderrazek\" rel=\"author\">Mohamed Ben Abderrazek<\/a><\/span><\/span> <span class=\"post-date updated\"><time class=\"post-date updated\" datetime=\"2021-04-21\">\u00a0| Il y a 6 secondes<\/time><\/span><br \/>\n<meta itemprop=\"dateModified\" content=\"2021-04-21\"\/><\/div>\n<div class=\"left relative\"><button id=\"listenButton1\" class=\"responsivevoice-button\" type=\"button\" value=\"Play\" title=\"\u00c9coutez l'article\"><span>\ud83d\udd0a \u00c9coutez l&rsquo;article<\/span><\/button>\n<\/div>\n<\/div>\n<\/div>\n<p>Le climat d\u2019instabilit\u00e9 politique et s\u00e9curitaire qui a r\u00e9gn\u00e9 en Libye apr\u00e8s 2011 a \u00e9rod\u00e9 ses relations avec ses voisins. Le pays entreprend actuellement des d\u00e9marches dans le but d\u2019assurer le retour \u00e0 la stabilit\u00e9 afin de retrouver ses relations de coop\u00e9ration avec ses partenaires.<\/p>\n<div class=\"code-block code-block-1 c4\">\n <ins class=\"adsbygoogle c3\" data-ad-layout=\"in-article\" data-ad-format=\"fluid\" data-ad-client=\"ca-pub-2102118777505746\" data-ad-slot=\"7301775417\"\/>\n<\/div>\n<p>Ainsi, l\u2019Egypte et la Libye ont sign\u00e9 hier mardi 20 avril 2021, 11 protocoles d\u2019accord de coop\u00e9ration bilat\u00e9rale dans divers domaines, a rapport\u00e9 des sources officielles \u00e9gyptiennes.<\/p>\n<p>La signature a eu lieu entre le Premier ministre \u00e9gyptien, Mostafa Madbouly, et son homologue libyen, Abdulhamid al-Dabaiba, dans le cadre d\u2019une visite du responsable \u00e9gyptien \u00e0 Tripoli. Les accords sign\u00e9s concernent les domaines de la sant\u00e9, de l\u2019\u00e9lectricit\u00e9, de la main-d\u2019\u0153uvre et de l\u2019industrie.<\/p>\n<p>En plus de la signature des accords, les deux responsables ont annonc\u00e9 la prochaine mise en place de plusieurs projets permettant de renforcer la coop\u00e9ration entre les deux pays qui concerneront les secteurs de l\u2019\u00e9lectricit\u00e9, des communications, des technologies de l\u2019information et des infrastructures.<\/p>\n<p>En outre, les accords pr\u00e9voient la reprise des relations diplomatiques entre les deux pays. Ace titre, Abdulhamid al-Dabaiba a annonc\u00e9 la reprise des vols directs entre le Caire et Tripoli \u00e0 partir d\u2019aujourd\u2019hui mercredi 21 avril 2021 et la r\u00e9ouverture prochaine de l\u2019ambassade \u00e9gyptienne \u00e0 Tripoli.<\/p>\n<p>De plus, ces accords permettront le retour de travailleurs \u00e9gyptiens sur le sol libyen dans le but, selon Mostafa Madbouly, de contribuer avec les libyens \u00e0 la reconstruction et au d\u00e9veloppement du pays.<\/p>\n<p>La visite du Premier ministre \u00e9gyptien \u00e0 la capitale libyenne est la premi\u00e8re d\u2019un officiel \u00e9gyptien de ce rang depuis 2010, alors que le pays est dans une dynamique de maintien de la paix, de la s\u00e9curit\u00e9 et de l\u2019int\u00e9grit\u00e9 nationale. Cette dynamique a d\u2019ailleurs \u00e9t\u00e9 salu\u00e9e par le repr\u00e9sentant \u00e9gyptien.<\/p>\n<p>La Libye tente activement de s\u2019extraire d\u2019une d\u00e9cennie de conflit marqu\u00e9e par l\u2019existence de pouvoirs rivaux et par des violences sanglantes. Un nouvel ex\u00e9cutif est n\u00e9 d\u2019un processus onusien lanc\u00e9 en novembre dernier et confirm\u00e9 en mars par un vote de confiance du Parlement.<\/p>\n<div class=\"swp_social_panel swp_horizontal_panel swp_flat_fresh swp_default_full_color swp_individual_full_color swp_other_full_color scale-100 scale-\" data-min-width=\"1100\" data-float-color=\"#ffffff\" data-float=\"bottom\" data-float-mobile=\"bottom\" data-transition=\"slide\">\n<div class=\"nc_tweetContainer swp_share_button total_shares total_sharesalt\"><span class=\"swp_count\">0 <span class=\"swp_label\">Partages<\/span><\/span><\/div>\n<\/div>\n<p><strong>Que se passe-t-il en Tunisie?<\/strong><br \/>Nous expliquons sur notre <a href=\"https:\/\/www.youtube.com\/channel\/UCRzypVq0B_yBad5eGrwBx0Q?sub_confirmation=1\" target=\"_blank\" rel=\"noopener\">cha\u00eene YouTube<\/a> . <a href=\"https:\/\/www.youtube.com\/channel\/UCRzypVq0B_yBad5eGrwBx0Q?sub_confirmation=1\" target=\"_blank\" rel=\"noopener\">Abonnez-vous!<\/a><\/p>\n<div class=\"mvp-org-wrap\" itemprop=\"publisher\">\n<div class=\"mvp-org-logo\" itemprop=\"logo\"><img decoding=\"async\" src=\"https:\/\/www.tunisienumerique.com\/wp-content\/uploads\/2017\/02\/logo_tunisie_numerique.png\"\/><br \/>\n<meta itemprop=\"url\" content=\"https:\/\/www.tunisienumerique.com\/wp-content\/uploads\/2017\/02\/logo_tunisie_numerique.png\"\/><\/div>\n<p><meta content=\"Tunisie\"\/><\/div>\n<div class=\"post-tags\"><span class=\"post-tags-header\">Sujets Connexes:<\/span><\/div>\n<div id=\"article-ad\">\n <ins class=\"adsbygoogle c5\" data-ad-client=\"ca-pub-2102118777505746\" data-ad-slot=\"6513972734\" data-ad-format=\"auto\" data-full-width-responsive=\"true\"\/>\n<\/div>\n<\/div>\n<div id=\"post-sidebar-wrap\">\n <ins class=\"adsbygoogle c5\" data-ad-client=\"ca-pub-2102118777505746\" data-ad-slot=\"6168283410\" data-ad-format=\"auto\" data-full-width-responsive=\"true\"\/>\n<\/div>\n<p>Auteur: Mohamed Ben Abderrazek<br \/>\n<a href=\"https:\/\/www.tunisienumerique.com\/libye-egypte-sissi-rafle-la-mise\/\">Cliquez ici pour lire l&rsquo;article depuis sa source.<\/a><\/p>\n","protected":false},"excerpt":{"rendered":"<p>Par Mohamed Ben Abderrazek \u00a0| Il y a 6 secondes \ud83d\udd0a \u00c9coutez l&rsquo;article Le climat d\u2019instabilit\u00e9 politique et s\u00e9curitaire qui a r\u00e9gn\u00e9 en Libye apr\u00e8s 2011 a \u00e9rod\u00e9 ses relations avec ses voisins. Le pays entreprend actuellement des d\u00e9marches dans le but d\u2019assurer le retour \u00e0 la stabilit\u00e9 afin de retrouver ses relations de coop\u00e9ration [&hellip;]<\/p>\n","protected":false},"author":1789,"featured_media":0,"comment_status":"closed","ping_status":"closed","sticky":false,"template":"","format":"standard","meta":{"fifu_image_url":"https:\/\/secure.gravatar.com\/avatar\/b658f27b24160a89d557421a966e5ca1?s=50&d=mm&r=g","fifu_image_alt":"Libye- \u00c9gypte : Sissi rafle la mise","footnotes":""},"categories":[73,55],"tags":[],"class_list":["post-115356","post","type-post","status-publish","format-standard","hentry","category-actualite","category-tunisie"],"_links":{"self":[{"href":"https:\/\/linitiative.ca\/International\/wp-json\/wp\/v2\/posts\/115356","targetHints":{"allow":["GET"]}}],"collection":[{"href":"https:\/\/linitiative.ca\/International\/wp-json\/wp\/v2\/posts"}],"about":[{"href":"https:\/\/linitiative.ca\/International\/wp-json\/wp\/v2\/types\/post"}],"author":[{"embeddable":true,"href":"https:\/\/linitiative.ca\/International\/wp-json\/wp\/v2\/users\/1789"}],"replies":[{"embeddable":true,"href":"https:\/\/linitiative.ca\/International\/wp-json\/wp\/v2\/comments?post=115356"}],"version-history":[{"count":0,"href":"https:\/\/linitiative.ca\/International\/wp-json\/wp\/v2\/posts\/115356\/revisions"}],"wp:attachment":[{"href":"https:\/\/linitiative.ca\/International\/wp-json\/wp\/v2\/media?parent=115356"}],"wp:term":[{"taxonomy":"category","embeddable":true,"href":"https:\/\/linitiative.ca\/International\/wp-json\/wp\/v2\/categories?post=115356"},{"taxonomy":"post_tag","embeddable":true,"href":"https:\/\/linitiative.ca\/International\/wp-json\/wp\/v2\/tags?post=115356"}],"curies":[{"name":"wp","href":"https:\/\/api.w.org\/{rel}","templated":true}]}}