{"id":115359,"date":"2021-04-21T15:18:05","date_gmt":"2021-04-21T19:18:05","guid":{"rendered":"https:\/\/linitiative.ca\/International\/condamnation-du-meurtrier-de-george-flyod\/"},"modified":"2021-04-21T15:18:05","modified_gmt":"2021-04-21T19:18:05","slug":"condamnation-du-meurtrier-de-george-flyod","status":"publish","type":"post","link":"https:\/\/linitiative.ca\/International\/condamnation-du-meurtrier-de-george-flyod\/","title":{"rendered":"CONDAMNATION DU MEURTRIER DE GEORGE FLYOD"},"content":{"rendered":"<p class=\"c4\"><em>\u00c7a y est ! L\u2019ancien policier am\u00e9ricain impliqu\u00e9 dans l\u2019affaire du d\u00e9c\u00e8s de George Floyd, \u00e0 Minneapolis, le 25 mai 2020, paiera pour son crime. Apr\u00e8s une journ\u00e9e de d\u00e9lib\u00e9rations, les 12 jur\u00e9s du proc\u00e8s de Derek Chauvin, ont reconnu ce dernier, coupable du meurtre du Noir-Am\u00e9ricain qu\u2019il avait pris plaisir \u00e0 \u00e9touffer sous la pression de son genou. Le meurtre de George Floyd avait suscit\u00e9, on s\u2019en souvient, une vive indignation plan\u00e9taire et \u00e9t\u00e9 \u00e0 l\u2019origine d\u2019un vaste mouvement de protestation et de d\u00e9nonciation des violences polici\u00e8res et du racisme aux Etats-Unis et dans le monde.\u00a0 D\u00e9clar\u00e9 coupable des trois chefs d\u2019accusation pour lesquels il comparaissait, l\u2019ex-flic de Minneapolis a \u00e9t\u00e9 imm\u00e9diatement mis sous \u00e9crou.\u00a0\u00a0 Comme l\u2019on pouvait s\u2019y attendre, l\u2019\u00e9nonc\u00e9 du verdict a \u00e9t\u00e9 accueilli par une immense explosion de joie devant le tribunal de Minneapolis et dans d\u2019autres villes am\u00e9ricaines comme New-York et Washington. C\u2019est bien compr\u00e9hensible.\u00a0 Car, c\u2019est bien l\u00e0 une soif populaire de justice qui est ainsi assouvie ! On le sait, ce proc\u00e8s men\u00e9 sous tr\u00e8s haute tension, avait mobilis\u00e9 des foules dans la ville natale de George Floyd, qui surveillaient la sentence des juges comme du lait sur le feu.\u00a0<\/em> <em>Grand soulagement donc pour cette foule qui a laiss\u00e9 \u00e9clater sa joie, et surtout pour les parents de la victime qui viennent ainsi d\u2019obtenir justice.\u00a0 Et c\u2019est tant mieux\u00a0! Car, on imagine l\u2019atmosph\u00e8re \u00e9lectrique dans laquelle serait aujourd\u2019hui plong\u00e9 l\u2019Etat du Minnesota si le verdict avait \u00e9t\u00e9 plut\u00f4t cl\u00e9ment \u00e0 l\u2019\u00e9gard de l\u2019ex- policier ou si ce dernier avait purement et simplement \u00e9t\u00e9 acquitt\u00e9, comme ce fut le cas pour bien d\u2019autres policiers tueurs qui n\u2019ont jamais \u00e9t\u00e9 inqui\u00e9t\u00e9s pour leurs crimes. En tout cas, ce verdict, au-del\u00e0 du fait qu\u2019il contribue grandement \u00e0 faire baisser la tension et \u00e0 apaiser les c\u0153urs, marque un tournant.<\/em><\/p>\n<p class=\"c4\"><em>\u00a0<\/em><\/p>\n<p class=\"c6\"><strong><em>On peut croire qu\u2019une nouvelle Am\u00e9rique se dessine<\/em><\/strong><\/p>\n<p class=\"c4\"><em>\u00a0<\/em><\/p>\n<p class=\"c4\"><em>D\u00e9sormais, la Police am\u00e9ricaine et particuli\u00e8rement celle de Minneapolis, apprend \u00e0 ses d\u00e9pens que \u00ab\u00a0la vie d\u2019un Noir compte\u00a0\u00bb (Black lives Matter\u00a0!).\u00a0 Toute chose qui pourrait dissuader tous les apprentis-sorciers et autres Derek Chauvin en puissance, de se livrer au geste de trop.\u00a0<\/em> <em>En tout \u00e9tat de cause, ce verdict sonne comme une victoire. \u00a0<\/em> <em>Car, sauf erreur ou omission, c\u2019est bien la premi\u00e8re fois qu\u2019un policier blanc est condamn\u00e9 aux Etats-Unis pour homicide d\u2019un Noir-Am\u00e9ricain. Jusque-l\u00e0, les fautifs avaient toujours r\u00e9ussi \u00e0 se tirer d\u2019affaire.\u00a0\u00a0<\/em> <em>Certes, la peine \u00e0 l\u2019encontre de Derek Chauvin n\u2019est pas encore connue.\u00a0 L\u2019on \u00e9voque la possibilit\u00e9 d\u2019une peine comprise entre 10 et 15 ans, sous r\u00e9serve de la d\u00e9cision finale du juge, attendue dans deux mois. Une peine qui pourrait aller jusqu\u2019\u00e0 30 ans de r\u00e9clusion s\u2019il est retenu contre l\u2019ex-policier, les facteurs aggravants.\u00a0<\/em> <em>Mais quel que soit le nombre d\u2019ann\u00e9es que ce dernier aura \u00e0 passer derri\u00e8re les barreaux, l\u2019on peut se f\u00e9liciter que la Justice de Minneapolis se soit, pour une fois, montr\u00e9e \u00e0 la hauteur du droit et de l\u2019Histoire. Ce proc\u00e8s qui rev\u00eat une forte symbolique p\u00e9dagogique, fera sans doute bouger les lignes.\u00a0 Mais de l\u00e0 \u00e0 croire qu\u2019il bouleversera de fond en comble les habitudes, dans une Am\u00e9rique profond\u00e9ment divis\u00e9e, il n\u2019y a qu\u2019un pas qu\u2019il faudrait se garder de franchir.\u00a0 C\u2019est dire si le combat pour l\u2019\u00e9galit\u00e9 des droits au USA et pour l\u2019unit\u00e9 nationale demeure une lutte de longue haleine.\u00a0 Mais en cela, l\u2019on peut nourrir des espoirs ; la Maison Blanche ayant chang\u00e9 de locataire.\u00a0 \u00a0<\/em> <em>Il est, en effet, r\u00e9volu l\u2019\u00e9poque de la rh\u00e9torique guerri\u00e8re qui encourageait et soutenait la violence polici\u00e8re, depuis que le sulfureux Donald Trump qui s\u2019amusait \u00e0 opposer les communaut\u00e9s raciales entre elles, s\u2019est vu contraint de c\u00e9der sa place \u00e0 son successeur Joe Biden. Sous le magist\u00e8re de ce dernier, on peut croire qu\u2019une nouvelle Am\u00e9rique se dessine, notamment gr\u00e2ce \u00e0 son appel sans cesse renouvel\u00e9 au rassemblement et \u00e0 l\u2019union sacr\u00e9e des Am\u00e9ricains.<\/em><\/p>\n<p class=\"c4\"><em>\u00a0<\/em><\/p>\n<p class=\"c6\"><em><strong>CBS<\/strong><\/em><\/p>\n<p class=\"c4\"><em>\u00a0<\/em><\/p>\n<p><strong>\u00a0<\/strong><\/p>\n<p>Auteur: Editions LEPAYS<br \/>\n<a href=\"https:\/\/lepays.bf\/condamnation-du-meurtrier-de-george-flyod\/\">Cliquez ici pour lire l&rsquo;article depuis sa source.<\/a><\/p>\n","protected":false},"excerpt":{"rendered":"<p>\u00c7a y est ! L\u2019ancien policier am\u00e9ricain impliqu\u00e9 dans l\u2019affaire du d\u00e9c\u00e8s de George Floyd, \u00e0 Minneapolis, le 25 mai 2020, paiera pour son crime. Apr\u00e8s une journ\u00e9e de d\u00e9lib\u00e9rations, les 12 jur\u00e9s du proc\u00e8s de Derek Chauvin, ont reconnu ce dernier, coupable du meurtre du Noir-Am\u00e9ricain qu\u2019il avait pris plaisir \u00e0 \u00e9touffer sous la [&hellip;]<\/p>\n","protected":false},"author":1813,"featured_media":0,"comment_status":"closed","ping_status":"closed","sticky":false,"template":"","format":"standard","meta":{"fifu_image_url":"","fifu_image_alt":"","footnotes":""},"categories":[73,81],"tags":[],"class_list":["post-115359","post","type-post","status-publish","format-standard","hentry","category-actualite","category-burkina-faso"],"_links":{"self":[{"href":"https:\/\/linitiative.ca\/International\/wp-json\/wp\/v2\/posts\/115359","targetHints":{"allow":["GET"]}}],"collection":[{"href":"https:\/\/linitiative.ca\/International\/wp-json\/wp\/v2\/posts"}],"about":[{"href":"https:\/\/linitiative.ca\/International\/wp-json\/wp\/v2\/types\/post"}],"author":[{"embeddable":true,"href":"https:\/\/linitiative.ca\/International\/wp-json\/wp\/v2\/users\/1813"}],"replies":[{"embeddable":true,"href":"https:\/\/linitiative.ca\/International\/wp-json\/wp\/v2\/comments?post=115359"}],"version-history":[{"count":0,"href":"https:\/\/linitiative.ca\/International\/wp-json\/wp\/v2\/posts\/115359\/revisions"}],"wp:attachment":[{"href":"https:\/\/linitiative.ca\/International\/wp-json\/wp\/v2\/media?parent=115359"}],"wp:term":[{"taxonomy":"category","embeddable":true,"href":"https:\/\/linitiative.ca\/International\/wp-json\/wp\/v2\/categories?post=115359"},{"taxonomy":"post_tag","embeddable":true,"href":"https:\/\/linitiative.ca\/International\/wp-json\/wp\/v2\/tags?post=115359"}],"curies":[{"name":"wp","href":"https:\/\/api.w.org\/{rel}","templated":true}]}}