{"id":115361,"date":"2021-04-20T18:22:54","date_gmt":"2021-04-20T22:22:54","guid":{"rendered":"https:\/\/linitiative.ca\/International\/editions-sidwaya-me-benewende-sankara-salue-le-professionnalisme-des-travailleurs\/"},"modified":"2021-04-20T18:22:54","modified_gmt":"2021-04-20T22:22:54","slug":"editions-sidwaya-me-benewende-sankara-salue-le-professionnalisme-des-travailleurs","status":"publish","type":"post","link":"https:\/\/linitiative.ca\/International\/editions-sidwaya-me-benewende-sankara-salue-le-professionnalisme-des-travailleurs\/","title":{"rendered":"Editions Sidwaya : Me B\u00e9n\u00e9wend\u00e9 Sankara salue  le professionnalisme des travailleurs"},"content":{"rendered":"<div class=\"td-post-featured-image\">\n<figure><a href=\"https:\/\/www.sidwaya.info\/wp-content\/uploads\/2021\/04\/sankara2.jpg\" data-caption=\"L\u2019h\u00f4te du jour a eu un entretien avec le DG de la \u00ab Maison commune \u00bb, Mahamadi Ti\u00e9gna (droite).\"><img loading=\"lazy\" decoding=\"async\" width=\"696\" height=\"405\" class=\"entry-thumb td-modal-image\" src=\"https:\/\/www.sidwaya.info\/wp-content\/uploads\/2021\/04\/sankara2-696x405.jpg\" srcset=\"https:\/\/www.sidwaya.info\/wp-content\/uploads\/2021\/04\/sankara2-696x405.jpg 696w, https:\/\/www.sidwaya.info\/wp-content\/uploads\/2021\/04\/sankara2-300x174.jpg 300w, https:\/\/www.sidwaya.info\/wp-content\/uploads\/2021\/04\/sankara2-768x447.jpg 768w, https:\/\/www.sidwaya.info\/wp-content\/uploads\/2021\/04\/sankara2-150x87.jpg 150w, https:\/\/www.sidwaya.info\/wp-content\/uploads\/2021\/04\/sankara2-722x420.jpg 722w, https:\/\/www.sidwaya.info\/wp-content\/uploads\/2021\/04\/sankara2.jpg 774w\" sizes=\"auto, (max-width: 696px) 100vw, 696px\" alt=\"\" title=\"sankara2\"\/><\/a><figcaption class=\"wp-caption-text\">L\u2019h\u00f4te du jour a eu un entretien avec le DG de la \u00ab Maison commune \u00bb, Mahamadi Ti\u00e9gna (droite).<\/figcaption><\/figure>\n<\/div>\n<p><strong>Le ministre de l\u2019Urbanisme, de l\u2019Habitat et de la Ville, Me B\u00e9n\u00e9wend\u00e9 Stanislas Sankara, \u00e9tait l\u2019invit\u00e9 de la r\u00e9daction de Sidwaya, le mardi 20 avril 2021. Avant son entretien avec les journalistes, il a \u00e9t\u00e9 re\u00e7u par le directeur g\u00e9n\u00e9ral du journal, Mahamadi Ti\u00e9gna.<\/strong><\/p>\n<p>Le ministre de l\u2019Urbanisme, de l\u2019Habitat et de la Ville, Me B\u00e9n\u00e9wend\u00e9 Stanislas Sankara, \u00e9tait l\u2019h\u00f4te des Editions Sidwaya, le mardi 20 avril 2021. Invit\u00e9 par la r\u00e9daction du journal, il s\u2019est pr\u00eat\u00e9 pendant une heure et demie d\u2019horloge aux questions des journalistes du quotidien. Des questions qui ont port\u00e9, entre autres, sur son all\u00e9geance \u00e0 la majorit\u00e9 pr\u00e9sidentielle, les grands chantiers du d\u00e9partement de l\u2019Urbanisme dont il a d\u00e9sormais la charge, la r\u00e9conciliation nationale et la mise en accusation de Blaise Compaor\u00e9 dans l\u2019affaire Thomas Sankara.<\/p>\n<p>En attendant de lire l\u2019essentiel de l\u2019entretien dans nos prochains num\u00e9ros, il faut noter que concernant son all\u00e9geance \u00e0 la majorit\u00e9 pr\u00e9sidentielle, Me Sankara a fait savoir que dans le cadre de l\u2019opposition politique, son parti, l\u2019Union pour la renaissance \/Parti sankariste (UNIR\/PS) entretenait d\u00e9j\u00e0 de bons rapports avec le Mouvement du peuple pour le progr\u00e8s (MPP) d\u00e8s sa cr\u00e9ation. La preuve, a-t-il dit, il \u00e9tait pr\u00e9sent \u00e0 la cr\u00e9ation du parti \u00e0 la Maison du peuple de Ouagadougou, le 25 janvier 2014. C\u2019est ainsi que suite \u00e0 la proclamation des r\u00e9sultats l\u00e9gislatifs de 2015, le score du MPP ne lui permettant pas d\u2019avoir une majorit\u00e9 qualifi\u00e9e \u00e0 l\u2019Assembl\u00e9e nationale, Me Sankara a dit avoir \u00e9t\u00e9 approch\u00e9 par feu Salifou Diallo qui lui a propos\u00e9 de rallier leur camp.<\/p>\n<p>\u00ab Il m\u2019a fait comprendre que le MPP \u00e9tant de la Sociale d\u00e9mocratie comme l\u2019UNIR\/PS, il \u00e9tait opportun que l\u2019on travaille ensemble \u00e0 un encrage politique et id\u00e9ologique du pouvoir d\u2019Etat en vue de soutenir le Chef de l\u2019Etat. Chose que j\u2019ai accept\u00e9e apr\u00e8s avoir consulter ma base \u00bb, a-t-il confi\u00e9. Toutefois, Me B\u00e9n\u00e9wend\u00e9 dit avoir pos\u00e9 une condition au chef de l\u2019Etat : celui de r\u00e9ussir son mandat au grand bonheur de l\u2019ensemble des Burkinab\u00e8.<br \/>Concernant les grands chantiers de son d\u00e9partement, l\u2019invit\u00e9 de Sidwaya a avou\u00e9 ne pas avoir de rem\u00e8de miracle \u00e0 la probl\u00e9matique du foncier qui constitue une \u00ab v\u00e9ritable bombe \u00e0 retardement \u00bb au Burkina Faso. Il a toutefois indiqu\u00e9 que des r\u00e9formes sont en train d\u2019\u00eatre mises en \u0153uvre afin de relever les d\u00e9fis du secteur. Il a cit\u00e9, par exemple, la d\u00e9cision prise par son d\u00e9partement de suspendre les activit\u00e9s de promotion immobili\u00e8re qui, \u00ab loin d\u2019\u00eatre une d\u00e9cision populiste \u00bb, rel\u00e8ve de sa volont\u00e9 d\u2019assainir le secteur.<\/p>\n<h3>Une victoire d\u2019\u00e9tape<\/h3>\n<figure id=\"attachment_34615\" aria-describedby=\"caption-attachment-34615\" class=\"wp-caption alignleft c1\"><img decoding=\"async\" loading=\"lazy\" class=\"size-medium wp-image-34615\" src=\"https:\/\/www.sidwaya.info\/wp-content\/uploads\/2021\/04\/sankara-300x200.jpg\" alt=\"\" width=\"300\" height=\"200\" srcset=\"https:\/\/www.sidwaya.info\/wp-content\/uploads\/2021\/04\/sankara-300x200.jpg 300w, https:\/\/www.sidwaya.info\/wp-content\/uploads\/2021\/04\/sankara-768x512.jpg 768w, https:\/\/www.sidwaya.info\/wp-content\/uploads\/2021\/04\/sankara-150x100.jpg 150w, https:\/\/www.sidwaya.info\/wp-content\/uploads\/2021\/04\/sankara-696x464.jpg 696w, https:\/\/www.sidwaya.info\/wp-content\/uploads\/2021\/04\/sankara-630x420.jpg 630w, https:\/\/www.sidwaya.info\/wp-content\/uploads\/2021\/04\/sankara.jpg 787w\" sizes=\"auto, (max-width: 300px) 100vw, 300px\"\/><figcaption id=\"caption-attachment-34615\" class=\"wp-caption-text\">Pour le ministre en charge de l\u2019urbanisme, Me B\u00e9n\u00e9wend\u00e9 Sankara, Sidwaya est une vitrine du Burkina Faso.<\/figcaption><\/figure>\n<p>Quant \u00e0 la mise en accusation de l\u2019ancien pr\u00e9sident Blaise Compaor\u00e9 dans le dossier Thomas Sankara, l\u2019h\u00f4te de Sidwaya en a pris acte. Pour lui, c\u2019est une victoire d\u2019\u00e9tape en ce sens que le dossier a \u00e9t\u00e9 d\u00e9pos\u00e9 depuis le 2 octobre 1997 et a beaucoup train\u00e9. Il s\u2019est dit heureux de voir que l\u2019affaire ait enfin connu une \u00e9volution, 24 ans apr\u00e8s son ouverture. \u00ab Il y a eu d\u2019abord les exhumations des restes pour faire des enqu\u00eates balistiques, d\u2019autopsie et des recherches d\u2019ADN.<\/p>\n<p>Ensuite, il y a eu la reconstitution des faits et la d\u00e9classification des documents promis par le pr\u00e9sident Emmanuel Macron, puis l\u2019avis du juge d\u2019instruction. Le dossier a ensuite \u00e9t\u00e9 transf\u00e9r\u00e9 devant la chambre de Contr\u00f4le qui a confirm\u00e9 les charges avant de le transf\u00e9rer devant le tribunal pour \u00eatre jug\u00e9 \u00bb, a-t-il d\u00e9clar\u00e9 tout en rappelant son attachement \u00e0 la tenue d\u2019un proc\u00e8s \u00e9quitable dans le pur respect de la pr\u00e9somption d\u2019innocence.<br \/>Avant son entretien avec les journalistes, le ministre en charge de l\u2019urbanisme a \u00e9t\u00e9 re\u00e7u par le directeur g\u00e9n\u00e9ral du journal, Mahamadi Ti\u00e9gna.<\/p>\n<p>Ce dernier lui a fait une br\u00e8ve pr\u00e9sentation de l\u2019entreprise et de ses principaux d\u00e9fis. A ce propos, M. Ti\u00e9gna a not\u00e9 que Sidwaya compte plus de 200 agents affect\u00e9s dans les diff\u00e9rents services de production du journal. Concernant les grands d\u00e9fis du m\u00e9dia, le DG a cit\u00e9 le d\u00e9crochage de l\u2019Agence d\u2019information du Burkina (AIB) afin de lui donner une certaine autonomie et la construction du si\u00e8ge du journal. Sur ce dernier point, il a invit\u00e9 le ministre \u00e0 \u00eatre un ambassadeur des Editions Sidwaya aupr\u00e8s du gouvernement pour que ce projet puisse se concr\u00e9tiser le plus rapidement possible. Une dol\u00e9ance qui a trouv\u00e9 une oreille attentive aupr\u00e8s de l\u2019invit\u00e9 de Sidwaya qui a promis de plaider la cause du \u00ab Journal de tous les Burkinab\u00e8 \u00bb.<\/p>\n<p>D\u2019ores et d\u00e9j\u00e0, il a exprim\u00e9 ses f\u00e9licitations et encouragements au personnel qui, malgr\u00e9 la pr\u00e9carit\u00e9 des moyens, travaille pour que Sidwaya soit lu et apporte, d\u2019une mani\u00e8re ou d\u2019une autre, une grande plus-value \u00e0 la libert\u00e9 d\u2019expression et au formatage des Burkinab\u00e8. Pour lui, Sidwaya est une vitrine du Burkina Faso qui a toujours su rayonner depuis sa cr\u00e9ation pour porter la libert\u00e9 d\u2019expression plurielle au-del\u00e0 des fronti\u00e8res gr\u00e2ce au professionnalisme de ses travailleurs.<\/p>\n<p class=\"c2\"><strong>Nad\u00e8ge YAMEOGO<\/strong><\/p>\n<div class=\"td-a-rec td-a-rec-id-content_bottom tdi_33_669 td_block_template_1\">\n<p><img loading=\"lazy\" decoding=\"async\" class=\"aligncenter size-full wp-image-27454\" src=\"https:\/\/www.sidwaya.info\/wp-content\/uploads\/2020\/10\/PUB-Bandeau-paiement-mobile-siteweb.jpg\" alt=\"\" width=\"728\" height=\"90\"\/><\/div>\n<p>Auteur: JK. Sidwaya<br \/>\n<a href=\"https:\/\/www.sidwaya.info\/blog\/2021\/04\/20\/editions-sidwaya-me-benewende-sankara-salue-le-professionnalisme-des-travailleurs\/\">Cliquez ici pour lire l&rsquo;article depuis sa source.<\/a><\/p>\n","protected":false},"excerpt":{"rendered":"<p>L\u2019h\u00f4te du jour a eu un entretien avec le DG de la \u00ab Maison commune \u00bb, Mahamadi Ti\u00e9gna (droite). Le ministre de l\u2019Urbanisme, de l\u2019Habitat et de la Ville, Me B\u00e9n\u00e9wend\u00e9 Stanislas Sankara, \u00e9tait l\u2019invit\u00e9 de la r\u00e9daction de Sidwaya, le mardi 20 avril 2021. Avant son entretien avec les journalistes, il a \u00e9t\u00e9 re\u00e7u [&hellip;]<\/p>\n","protected":false},"author":1816,"featured_media":0,"comment_status":"closed","ping_status":"closed","sticky":false,"template":"","format":"standard","meta":{"fifu_image_url":"https:\/\/www.sidwaya.info\/wp-content\/uploads\/2021\/04\/sankara2-696x405.jpg","fifu_image_alt":"Editions Sidwaya : Me B\u00e9n\u00e9wend\u00e9 Sankara salue  le professionnalisme des travailleurs","footnotes":""},"categories":[73,81],"tags":[],"class_list":["post-115361","post","type-post","status-publish","format-standard","hentry","category-actualite","category-burkina-faso"],"_links":{"self":[{"href":"https:\/\/linitiative.ca\/International\/wp-json\/wp\/v2\/posts\/115361","targetHints":{"allow":["GET"]}}],"collection":[{"href":"https:\/\/linitiative.ca\/International\/wp-json\/wp\/v2\/posts"}],"about":[{"href":"https:\/\/linitiative.ca\/International\/wp-json\/wp\/v2\/types\/post"}],"author":[{"embeddable":true,"href":"https:\/\/linitiative.ca\/International\/wp-json\/wp\/v2\/users\/1816"}],"replies":[{"embeddable":true,"href":"https:\/\/linitiative.ca\/International\/wp-json\/wp\/v2\/comments?post=115361"}],"version-history":[{"count":0,"href":"https:\/\/linitiative.ca\/International\/wp-json\/wp\/v2\/posts\/115361\/revisions"}],"wp:attachment":[{"href":"https:\/\/linitiative.ca\/International\/wp-json\/wp\/v2\/media?parent=115361"}],"wp:term":[{"taxonomy":"category","embeddable":true,"href":"https:\/\/linitiative.ca\/International\/wp-json\/wp\/v2\/categories?post=115361"},{"taxonomy":"post_tag","embeddable":true,"href":"https:\/\/linitiative.ca\/International\/wp-json\/wp\/v2\/tags?post=115361"}],"curies":[{"name":"wp","href":"https:\/\/api.w.org\/{rel}","templated":true}]}}