{"id":115363,"date":"2021-04-21T13:40:20","date_gmt":"2021-04-21T17:40:20","guid":{"rendered":"https:\/\/linitiative.ca\/International\/deces-du-president-idriss-deby-itno-les-soldats-tchadiens-quittent-la-zone-dite-des-trois-frontieres\/"},"modified":"2021-04-21T13:40:20","modified_gmt":"2021-04-21T17:40:20","slug":"deces-du-president-idriss-deby-itno-les-soldats-tchadiens-quittent-la-zone-dite-des-trois-frontieres","status":"publish","type":"post","link":"https:\/\/linitiative.ca\/International\/deces-du-president-idriss-deby-itno-les-soldats-tchadiens-quittent-la-zone-dite-des-trois-frontieres\/","title":{"rendered":"D\u00e9c\u00e8s du pr\u00e9sident Idriss Deby Itno\u00a0: Les soldats tchadiens quittent la zone dite \u00ab\u00a0des trois fronti\u00e8res\u00a0\u00bb"},"content":{"rendered":"<div class=\"td-post-featured-image\"><a href=\"https:\/\/www.sidwaya.info\/wp-content\/uploads\/2021\/04\/tchad.jpg\" data-caption=\"\"><img loading=\"lazy\" decoding=\"async\" width=\"470\" height=\"353\" class=\"entry-thumb td-modal-image\" src=\"https:\/\/www.sidwaya.info\/wp-content\/uploads\/2021\/04\/tchad.jpg\" srcset=\"https:\/\/www.sidwaya.info\/wp-content\/uploads\/2021\/04\/tchad.jpg 470w, https:\/\/www.sidwaya.info\/wp-content\/uploads\/2021\/04\/tchad-300x225.jpg 300w, https:\/\/www.sidwaya.info\/wp-content\/uploads\/2021\/04\/tchad-150x113.jpg 150w, https:\/\/www.sidwaya.info\/wp-content\/uploads\/2021\/04\/tchad-80x60.jpg 80w, https:\/\/www.sidwaya.info\/wp-content\/uploads\/2021\/04\/tchad-265x198.jpg 265w\" sizes=\"auto, (max-width: 470px) 100vw, 470px\" alt=\"\" title=\"tchad\"\/><\/a><\/div>\n<p><strong>Au lendemain de l\u2019annonce, par le Conseil militaire de transition, du d\u00e9c\u00e8s du pr\u00e9sident de la r\u00e9publique du Tchad, Idriss Deby Itno, le mardi 20 avril 2021 en fin de matin\u00e9e, les troupes tchadiennes ont entam\u00e9 leur d\u00e9part de la zone dite <em>\u00ab\u00a0des trois fronti\u00e8res\u00a0\u00bb<\/em>.<\/strong><\/p>\n<p>Selon des sources concordantes, plusieurs convois de troupes tchadiennes ont \u00e9t\u00e9 aper\u00e7us dans la matin\u00e9e du mercredi 21 avril 2021 traversant la ville de Dori, chef-lieu de la r\u00e9gion du Sahel, en direction de la fronti\u00e8re du Niger. Aux dires de certaines sources, ce sont des pick-up, des citernes et des v\u00e9hicules de transport de troupes avec le drapeau tchadien perch\u00e9 au-devant qui ont \u00e9t\u00e9 remarqu\u00e9s.<\/p>\n<p>Une autre source locale de Gorom-Gorom, chef-lieu de la province de l\u2019Oudalan frontali\u00e8re avec le Niger et le Mali dit avoir \u00e9galement vu les m\u00eames convois militaires. Tout porte \u00e0 croire que les soldats tchadiens ont quitt\u00e9 la zone dite <em>\u00ab\u00a0des trois fronti\u00e8res\u00a0\u00bb<\/em> entre le Burkina Faso, le Mali et Niger o\u00f9 ils \u00e9taient positionn\u00e9s dans le cadre de l\u2019op\u00e9ration du G5 Sahel visant \u00e0 combattre les groupes arm\u00e9s.<\/p>\n<p>C\u2019est en marge du sommet du G5 Sahel tenu les 15 et 16 f\u00e9vrier 2021 \u00e0 N\u2019djamena que le pr\u00e9sident tchadien Idriss Deby Itno avait annonc\u00e9 l\u2019envoi de 1 200 soldats dans la zone dite des \u00ab\u00a0trois fronti\u00e8res\u00a0\u00bb, pour lutter contre les terroristes. A en croire l\u2019AFP, les 1\u00a0200 soldats d\u00e9ploy\u00e9s dans ladite zone \u00e9taient stationn\u00e9s \u00e0 N\u2019Guigmi, au Niger, pr\u00e8s de la fronti\u00e8re avec le Tchad.<\/p>\n<p>Face \u00e0 ce repli militaire, les habitants se posent un certain nombre de questions et ce au regard de la prouesse de cette arm\u00e9e dans le cadre de la lutte contre les groupes arm\u00e9s. Pourquoi les soldats tchadiens rentrent-ils au pays\u00a0? Partent-ils pr\u00eater main forte \u00e0 leurs fr\u00e8res d\u2019armes confront\u00e9s \u00e0 l\u2019offensive des rebelles\u00a0?\u00a0 La mort du pr\u00e9sident tchadien est-elle la raison de leur retour au bercail?<\/p>\n<p><strong>Sidgomd\u00e9<\/strong><\/p>\n<div class=\"td-a-rec td-a-rec-id-content_bottom tdi_33_0d9 td_block_template_1\">\n<p><img loading=\"lazy\" decoding=\"async\" class=\"aligncenter size-full wp-image-27454\" src=\"https:\/\/www.sidwaya.info\/wp-content\/uploads\/2020\/10\/PUB-Bandeau-paiement-mobile-siteweb.jpg\" alt=\"\" width=\"728\" height=\"90\"\/><\/div>\n<p>Auteur: Wamini SIDWAYA<br \/>\n<a href=\"https:\/\/www.sidwaya.info\/blog\/2021\/04\/21\/deces-du-president-idriss-deby-itno-les-soldats-tchadiens-quittent-la-zone-dite-des-trois-frontieres\/\">Cliquez ici pour lire l&rsquo;article depuis sa source.<\/a><\/p>\n","protected":false},"excerpt":{"rendered":"<p>Au lendemain de l\u2019annonce, par le Conseil militaire de transition, du d\u00e9c\u00e8s du pr\u00e9sident de la r\u00e9publique du Tchad, Idriss Deby Itno, le mardi 20 avril 2021 en fin de matin\u00e9e, les troupes tchadiennes ont entam\u00e9 leur d\u00e9part de la zone dite \u00ab\u00a0des trois fronti\u00e8res\u00a0\u00bb. Selon des sources concordantes, plusieurs convois de troupes tchadiennes ont [&hellip;]<\/p>\n","protected":false},"author":1816,"featured_media":0,"comment_status":"closed","ping_status":"closed","sticky":false,"template":"","format":"standard","meta":{"fifu_image_url":"https:\/\/www.sidwaya.info\/wp-content\/uploads\/2021\/04\/tchad.jpg","fifu_image_alt":"D\u00e9c\u00e8s du pr\u00e9sident Idriss Deby Itno\u00a0: Les soldats tchadiens quittent la zone dite \u00ab\u00a0des trois fronti\u00e8res\u00a0\u00bb","footnotes":""},"categories":[73,81],"tags":[],"class_list":["post-115363","post","type-post","status-publish","format-standard","hentry","category-actualite","category-burkina-faso"],"_links":{"self":[{"href":"https:\/\/linitiative.ca\/International\/wp-json\/wp\/v2\/posts\/115363","targetHints":{"allow":["GET"]}}],"collection":[{"href":"https:\/\/linitiative.ca\/International\/wp-json\/wp\/v2\/posts"}],"about":[{"href":"https:\/\/linitiative.ca\/International\/wp-json\/wp\/v2\/types\/post"}],"author":[{"embeddable":true,"href":"https:\/\/linitiative.ca\/International\/wp-json\/wp\/v2\/users\/1816"}],"replies":[{"embeddable":true,"href":"https:\/\/linitiative.ca\/International\/wp-json\/wp\/v2\/comments?post=115363"}],"version-history":[{"count":0,"href":"https:\/\/linitiative.ca\/International\/wp-json\/wp\/v2\/posts\/115363\/revisions"}],"wp:attachment":[{"href":"https:\/\/linitiative.ca\/International\/wp-json\/wp\/v2\/media?parent=115363"}],"wp:term":[{"taxonomy":"category","embeddable":true,"href":"https:\/\/linitiative.ca\/International\/wp-json\/wp\/v2\/categories?post=115363"},{"taxonomy":"post_tag","embeddable":true,"href":"https:\/\/linitiative.ca\/International\/wp-json\/wp\/v2\/tags?post=115363"}],"curies":[{"name":"wp","href":"https:\/\/api.w.org\/{rel}","templated":true}]}}