{"id":115364,"date":"2021-04-21T13:49:57","date_gmt":"2021-04-21T17:49:57","guid":{"rendered":"https:\/\/linitiative.ca\/International\/cooperation-suisse-burkina-faso-le-president-du-parlement-suisse-andreas-aebi-en-visite-a-fada-ngourma\/"},"modified":"2021-04-21T13:49:57","modified_gmt":"2021-04-21T17:49:57","slug":"cooperation-suisse-burkina-faso-le-president-du-parlement-suisse-andreas-aebi-en-visite-a-fada-ngourma","status":"publish","type":"post","link":"https:\/\/linitiative.ca\/International\/cooperation-suisse-burkina-faso-le-president-du-parlement-suisse-andreas-aebi-en-visite-a-fada-ngourma\/","title":{"rendered":"Coop\u00e9ration Suisse-Burkina Faso\u00a0: Le pr\u00e9sident du parlement suisse, Andreas Aebi en visite \u00e0 Fada N\u2019Gourma"},"content":{"rendered":"<div class=\"td-post-featured-image\"><a href=\"https:\/\/www.sidwaya.info\/wp-content\/uploads\/2021\/04\/photo-fada-4.jpg\" data-caption=\"\"><img loading=\"lazy\" decoding=\"async\" width=\"696\" height=\"308\" class=\"entry-thumb td-modal-image\" src=\"https:\/\/www.sidwaya.info\/wp-content\/uploads\/2021\/04\/photo-fada-4-696x308.jpg\" srcset=\"https:\/\/www.sidwaya.info\/wp-content\/uploads\/2021\/04\/photo-fada-4-696x308.jpg 696w, https:\/\/www.sidwaya.info\/wp-content\/uploads\/2021\/04\/photo-fada-4-300x133.jpg 300w, https:\/\/www.sidwaya.info\/wp-content\/uploads\/2021\/04\/photo-fada-4-768x340.jpg 768w, https:\/\/www.sidwaya.info\/wp-content\/uploads\/2021\/04\/photo-fada-4-150x66.jpg 150w, https:\/\/www.sidwaya.info\/wp-content\/uploads\/2021\/04\/photo-fada-4.jpg 900w\" sizes=\"auto, (max-width: 696px) 100vw, 696px\" alt=\"\" title=\"photo fada 4\"\/><\/a><\/div>\n<p><strong>A la t\u00eate d\u2019une forte d\u00e9l\u00e9gation, le pr\u00e9sident du Conseil national suisse, Andreas Aebi, a effectu\u00e9 une visite de travail \u00e0 Fada N\u2019Gourma, le mercredi 21 avril 2021.<\/strong><\/p>\n<p>En s\u00e9jour au Burkina Faso, le pr\u00e9sident du Conseil national suisse, Andreas Aebi, s\u2019est rendu, le mercredi 21 avril 2021, \u00e0 Fada N\u2019Gourma. Sa d\u00e9l\u00e9gation et lui y sont all\u00e9s pour exprimer la compassion de la Conf\u00e9d\u00e9ration suisse aux populations de l\u2019Est, durement \u00e9prouv\u00e9es par l\u2019ins\u00e9curit\u00e9, mais aussi pour traduire la volont\u00e9 de la Suisse \u00e0 accompagner la r\u00e9gion \u00e0 reconstruire la paix et la coh\u00e9sion sociale. Pour ce faire, l\u2019h\u00f4te du jour et sa d\u00e9l\u00e9gation se sont entretenus avec les membres du Coll\u00e8ge de dialogue et de m\u00e9diation (CDM), un instrument con\u00e7u pour promouvoir le vivre ensemble. Conduit par des personnalit\u00e9s religieuses et coutumi\u00e8res, \u00e0 savoir le Pasteur Albert Yonli, l\u2019\u00e9v\u00eaque de Fada Mgr Yempabou Pierre Claver Malgo, le grand Imam de Fada, El Hadj Aboubacar Kina et le chef de Tanwalbougou, El Hadj Band\u00e9, le CDM a \u00e9t\u00e9 install\u00e9 \u00e0 l\u2019occasion des Journ\u00e9es de dialogue intercommunautaire pour la paix, organis\u00e9es en juillet 2020 par le conseil municipal de Fada N\u2019Gourma. Selon son pr\u00e9sident, le Pasteur Albert Yonli, le CDM a pour mission de cr\u00e9er un cadre de concertation entre les diff\u00e9rents acteurs, d\u2019identifier les conflits potentiels et d\u2019y apporter des solutions pr\u00e9ventives en vue de la paix et de la coh\u00e9sion sociale. A l\u2019entendre, le CDM est charg\u00e9 \u00e9galement de mettre en \u0153uvre les recommandations des journ\u00e9es de dialogue. A la question de savoir quel bilan faut-il dresser du processus, le Pasteur Albert Yonli a r\u00e9pondu que l\u2019espoir renait peu \u00e0 peu. \u00ab\u00a0<em>Nous avons tenu des cadres de concertations qui ont permis des avanc\u00e9es significatives. Les douleurs ont \u00e9t\u00e9 librement exprim\u00e9es et de fa\u00e7on profonde. Les communaut\u00e9s ont d\u00e9cid\u00e9 de se pardonner et de porter le regard vers le futur<\/em>\u00a0\u00bb, a-t-il affirm\u00e9.<\/p>\n<p><strong>\u00ab\u00a0<em>Poursuivre la collaboration pour 5ans<\/em>\u00a0\u00bb<\/strong><\/p>\n<p>Pour lui, cette main tendue des uns aux autres donne le sentiment que les communaut\u00e9s se rapprochent davantage. Pour preuve, a-t-il fait remarquer, il y a \u00ab\u00a0<em>la volont\u00e9 commune de s\u2019asseoir et de dialoguer pour la paix<\/em>\u00a0\u00bb. Porteur de l\u2019initiative, le maire de la commune de Fada N\u2019Gourma, Jean-Claude Louari, s\u2019est dit optimiste. \u00ab\u00a0<em>Le CDM est encore \u00e0 ses d\u00e9buts, mais il suscite beaucoup d\u2019espoir parce qu\u2019il est anim\u00e9 par des personnalit\u00e9s de grande probit\u00e9 qui croient en ce qu\u2019elles font et qui b\u00e9n\u00e9ficient de la confiance des diff\u00e9rentes couches socio-professionnelles de notre commune<\/em>\u00a0\u00bb, a-t-il indiqu\u00e9. Toutefois, le pasteur Yonli a relev\u00e9 que le chantier est toujours immense. En effet, selon ses propos, plus d\u2019une quarantaine de victimes du terrorisme sont sans s\u00e9pulture. \u00ab\u00a0<em>Pour une bonne base de cette r\u00e9conciliation, il faudrait que chacun ait une demeure digne de ce nom. C\u2019est l\u2019une des actions qui nous tiennent beaucoup \u00e0 c\u0153ur\u00a0<\/em>\u00bb, a-t-il notifi\u00e9.<\/p>\n<p><img decoding=\"async\" loading=\"lazy\" class=\"alignnone wp-image-34627\" src=\"https:\/\/www.sidwaya.info\/wp-content\/uploads\/2021\/04\/photo-suisse-2-2-286x300.jpg\" alt=\"\" width=\"452\" height=\"474\" srcset=\"https:\/\/www.sidwaya.info\/wp-content\/uploads\/2021\/04\/photo-suisse-2-2-286x300.jpg 286w, https:\/\/www.sidwaya.info\/wp-content\/uploads\/2021\/04\/photo-suisse-2-2-768x806.jpg 768w, https:\/\/www.sidwaya.info\/wp-content\/uploads\/2021\/04\/photo-suisse-2-2-150x157.jpg 150w, https:\/\/www.sidwaya.info\/wp-content\/uploads\/2021\/04\/photo-suisse-2-2-300x315.jpg 300w, https:\/\/www.sidwaya.info\/wp-content\/uploads\/2021\/04\/photo-suisse-2-2-696x731.jpg 696w, https:\/\/www.sidwaya.info\/wp-content\/uploads\/2021\/04\/photo-suisse-2-2-400x420.jpg 400w, https:\/\/www.sidwaya.info\/wp-content\/uploads\/2021\/04\/photo-suisse-2-2.jpg 885w\" sizes=\"auto, (max-width: 452px) 100vw, 452px\"\/>L\u2019\u00e9dile de Fada N\u2019Gourma, Jean-Claude Louari, a traduit sa reconnaissance \u00e0 la coop\u00e9ration suisse pour son appui au processus du CDM, \u00e0 travers le \u00ab\u00a0<em>Laboratoire Citoyennet\u00e9<\/em>\u00a0\u00bb. Le gouverneur de la r\u00e9gion de l\u2019Est, le colonel Prosper Sanou, a ajout\u00e9 que la coop\u00e9ration suisse investit \u00e0 l\u2019Est, par le biais du Programme d\u2019appui \u00e0 la d\u00e9centralisation et \u00e0 la participation citoyenne et du Programme Valorisation du potentiel agro-pastoral. Des programmes qui ont permis de r\u00e9aliser des infrastructures marchandes tels que le march\u00e9 de b\u00e9tail de Fada, le march\u00e9 central et la gare routi\u00e8re. Pour ces efforts consentis au profit des populations de l\u2019Est, le Conseil national et le gouvernement suisses ont \u00e9t\u00e9 d\u00e9cor\u00e9s de la m\u00e9daille d\u2019honneur des collectivit\u00e9s territoriales. Le chef du parlement suisse, visiblement \u00e9mu, a exprim\u00e9 sa gratitude aux autorit\u00e9s de l\u2019Est. \u00ab\u00a0<em>Je suis \u00e9mu par l\u2019accueil chaleureux et l\u2019hospitalit\u00e9 du peuple burkinab\u00e8. Mes coll\u00e8gues et moi repartirons avec de bons souvenirs et avec de bons sujets<\/em>\u00a0\u00bb, a-t-il laiss\u00e9 entendre. Par ailleurs, il a estim\u00e9 que la coop\u00e9ration entre son pays et le Burkina Faso est vielle de 47 ans avant d\u2019annoncer qu\u2019elle va se poursuivre pour les 5 prochaines ann\u00e9es.<\/p>\n<p><strong>Joanny SOW<\/strong><\/p>\n<div class=\"td-a-rec td-a-rec-id-content_bottom tdi_33_ee0 td_block_template_1\">\n<p><img loading=\"lazy\" decoding=\"async\" class=\"aligncenter size-full wp-image-27454\" src=\"https:\/\/www.sidwaya.info\/wp-content\/uploads\/2020\/10\/PUB-Bandeau-paiement-mobile-siteweb.jpg\" alt=\"\" width=\"728\" height=\"90\"\/><\/div>\n<p>Auteur: Wamini SIDWAYA<br \/>\n<a href=\"https:\/\/www.sidwaya.info\/blog\/2021\/04\/21\/cooperation-suisse-burkina-faso-le-president-du-parlement-suisse-andreas-aebi-en-visite-a-fada-ngourma\/\">Cliquez ici pour lire l&rsquo;article depuis sa source.<\/a><\/p>\n","protected":false},"excerpt":{"rendered":"<p>A la t\u00eate d\u2019une forte d\u00e9l\u00e9gation, le pr\u00e9sident du Conseil national suisse, Andreas Aebi, a effectu\u00e9 une visite de travail \u00e0 Fada N\u2019Gourma, le mercredi 21 avril 2021. En s\u00e9jour au Burkina Faso, le pr\u00e9sident du Conseil national suisse, Andreas Aebi, s\u2019est rendu, le mercredi 21 avril 2021, \u00e0 Fada N\u2019Gourma. Sa d\u00e9l\u00e9gation et lui [&hellip;]<\/p>\n","protected":false},"author":1816,"featured_media":0,"comment_status":"closed","ping_status":"closed","sticky":false,"template":"","format":"standard","meta":{"fifu_image_url":"https:\/\/www.sidwaya.info\/wp-content\/uploads\/2021\/04\/photo-fada-4-696x308.jpg","fifu_image_alt":"Coop\u00e9ration Suisse-Burkina Faso\u00a0: Le pr\u00e9sident du parlement suisse, Andreas Aebi en visite \u00e0 Fada N\u2019Gourma","footnotes":""},"categories":[73,81],"tags":[],"class_list":["post-115364","post","type-post","status-publish","format-standard","hentry","category-actualite","category-burkina-faso"],"_links":{"self":[{"href":"https:\/\/linitiative.ca\/International\/wp-json\/wp\/v2\/posts\/115364","targetHints":{"allow":["GET"]}}],"collection":[{"href":"https:\/\/linitiative.ca\/International\/wp-json\/wp\/v2\/posts"}],"about":[{"href":"https:\/\/linitiative.ca\/International\/wp-json\/wp\/v2\/types\/post"}],"author":[{"embeddable":true,"href":"https:\/\/linitiative.ca\/International\/wp-json\/wp\/v2\/users\/1816"}],"replies":[{"embeddable":true,"href":"https:\/\/linitiative.ca\/International\/wp-json\/wp\/v2\/comments?post=115364"}],"version-history":[{"count":0,"href":"https:\/\/linitiative.ca\/International\/wp-json\/wp\/v2\/posts\/115364\/revisions"}],"wp:attachment":[{"href":"https:\/\/linitiative.ca\/International\/wp-json\/wp\/v2\/media?parent=115364"}],"wp:term":[{"taxonomy":"category","embeddable":true,"href":"https:\/\/linitiative.ca\/International\/wp-json\/wp\/v2\/categories?post=115364"},{"taxonomy":"post_tag","embeddable":true,"href":"https:\/\/linitiative.ca\/International\/wp-json\/wp\/v2\/tags?post=115364"}],"curies":[{"name":"wp","href":"https:\/\/api.w.org\/{rel}","templated":true}]}}