{"id":115365,"date":"2021-04-21T13:18:02","date_gmt":"2021-04-21T17:18:02","guid":{"rendered":"https:\/\/linitiative.ca\/International\/le-maroc-elu-a-la-presidence-du-ce-de-lorganisation-pour-linterdiction-des-armes-chimiques\/"},"modified":"2021-04-21T13:18:02","modified_gmt":"2021-04-21T17:18:02","slug":"le-maroc-elu-a-la-presidence-du-ce-de-lorganisation-pour-linterdiction-des-armes-chimiques","status":"publish","type":"post","link":"https:\/\/linitiative.ca\/International\/le-maroc-elu-a-la-presidence-du-ce-de-lorganisation-pour-linterdiction-des-armes-chimiques\/","title":{"rendered":"Le Maroc \u00e9lu \u00e0 la pr\u00e9sidence du CE de l\u2019Organisation pour l\u2019interdiction des armes chimiques"},"content":{"rendered":"<div readability=\"32\">\n<p>Publi\u00e9 le 21.04.2021 \u00e0 18h18 par APA News<\/p>\n<\/div>\n<div readability=\"64\">\n<p>Le Maroc a \u00e9t\u00e9 \u00e9lu \u00e0 la pr\u00e9sidence du conseil ex\u00e9cutif de l\u2019Organisation pour l\u2019interdiction des armes chimiques (OIAC), pour un mandat d\u2019une ann\u00e9e, allant du 12 mai 2021 au 11 mai 2022.L\u2019\u00e9lection du Maroc, en la personne d\u2019Abdelouahab Bellouki, ambassadeur du Royaume \u00e0 la Haye et son repr\u00e9sentant permanent aupr\u00e8s de l\u2019OIAC, intervient \u00ab suite au soutien unanime apport\u00e9 par le Groupe des Etats africains Parties \u00e0 la convention sur l\u2019interdiction des armes chimiques \u00e0 la candidature marocaine \u00bb, indique un communiqu\u00e9 de l\u2019ambassade du Maroc aux Pays-Bas.<\/p>\n<p>\u00ab La pr\u00e9sidence marocaine de cet important organe d\u00e9cisionnel consacre l\u2019engagement continu du Maroc en faveur des objectifs de cette convention et de la coop\u00e9ration soutenue avec l\u2019OIAC, comme en t\u00e9moigne l\u2019organisation au Maroc, de plusieurs conf\u00e9rences, ainsi que de multiples formations r\u00e9gionales visant le renforcement des capacit\u00e9s des repr\u00e9sentants des pays d\u2019Afrique. De ce fait, l\u2019OIAC classe le Maroc parmi le top 10 de ses partenaires \u00bb, souligne le communiqu\u00e9.<\/p>\n<p>Le Maroc avait assur\u00e9 la pr\u00e9sidence de la Conf\u00e9rence des Etats Parties, l\u2019organe supr\u00eame de l\u2019OIAC, en 2017-2018, la vice-pr\u00e9sidence du conseil ex\u00e9cutif au nom du Groupe africain de 2020 \u00e0 2021, et la pr\u00e9sidence du Groupe des Etats africains membres de l\u2019OIAC de 2017 \u00e0 2018.<\/p>\n<p>Compos\u00e9e de 193 pays membres, l\u2019OIAC est l\u2019organe charg\u00e9 de mise en \u0153uvre de la Convention sur l\u2019interdiction des armes chimiques. Il supervise \u00e9galement les efforts de la communaut\u00e9 internationale visant \u00e0 \u00e9liminer d\u00e9finitivement les armes chimiques.<\/p>\n<\/div>\n<p>Auteur: APA News<br \/>\n<a href=\"https:\/\/www.journalducameroun.com\/le-maroc-elu-a-la-presidence-du-ce-de-lorganisation-pour-linterdiction-des-armes-chimiques\/\">Cliquez ici pour lire l&rsquo;article depuis sa source.<\/a><\/p>\n","protected":false},"excerpt":{"rendered":"<p>Publi\u00e9 le 21.04.2021 \u00e0 18h18 par APA News Le Maroc a \u00e9t\u00e9 \u00e9lu \u00e0 la pr\u00e9sidence du conseil ex\u00e9cutif de l\u2019Organisation pour l\u2019interdiction des armes chimiques (OIAC), pour un mandat d\u2019une ann\u00e9e, allant du 12 mai 2021 au 11 mai 2022.L\u2019\u00e9lection du Maroc, en la personne d\u2019Abdelouahab Bellouki, ambassadeur du Royaume \u00e0 la Haye et [&hellip;]<\/p>\n","protected":false},"author":1965,"featured_media":0,"comment_status":"closed","ping_status":"closed","sticky":false,"template":"","format":"standard","meta":{"fifu_image_url":"","fifu_image_alt":"","footnotes":""},"categories":[73,82],"tags":[],"class_list":["post-115365","post","type-post","status-publish","format-standard","hentry","category-actualite","category-cameroun"],"_links":{"self":[{"href":"https:\/\/linitiative.ca\/International\/wp-json\/wp\/v2\/posts\/115365","targetHints":{"allow":["GET"]}}],"collection":[{"href":"https:\/\/linitiative.ca\/International\/wp-json\/wp\/v2\/posts"}],"about":[{"href":"https:\/\/linitiative.ca\/International\/wp-json\/wp\/v2\/types\/post"}],"author":[{"embeddable":true,"href":"https:\/\/linitiative.ca\/International\/wp-json\/wp\/v2\/users\/1965"}],"replies":[{"embeddable":true,"href":"https:\/\/linitiative.ca\/International\/wp-json\/wp\/v2\/comments?post=115365"}],"version-history":[{"count":0,"href":"https:\/\/linitiative.ca\/International\/wp-json\/wp\/v2\/posts\/115365\/revisions"}],"wp:attachment":[{"href":"https:\/\/linitiative.ca\/International\/wp-json\/wp\/v2\/media?parent=115365"}],"wp:term":[{"taxonomy":"category","embeddable":true,"href":"https:\/\/linitiative.ca\/International\/wp-json\/wp\/v2\/categories?post=115365"},{"taxonomy":"post_tag","embeddable":true,"href":"https:\/\/linitiative.ca\/International\/wp-json\/wp\/v2\/tags?post=115365"}],"curies":[{"name":"wp","href":"https:\/\/api.w.org\/{rel}","templated":true}]}}