{"id":115366,"date":"2021-04-21T13:18:02","date_gmt":"2021-04-21T17:18:02","guid":{"rendered":"https:\/\/linitiative.ca\/International\/le-gouvernement-ivoirien-veut-ramener-le-taux-de-pauvrete-a-moins-de-20-en-2030\/"},"modified":"2021-04-21T13:18:02","modified_gmt":"2021-04-21T17:18:02","slug":"le-gouvernement-ivoirien-veut-ramener-le-taux-de-pauvrete-a-moins-de-20-en-2030","status":"publish","type":"post","link":"https:\/\/linitiative.ca\/International\/le-gouvernement-ivoirien-veut-ramener-le-taux-de-pauvrete-a-moins-de-20-en-2030\/","title":{"rendered":"Le gouvernement ivoirien veut ramener le taux de pauvret\u00e9 \u00e0 \u00abmoins de 20% en 2030\u00bb"},"content":{"rendered":"<div readability=\"32\">\n<p>Publi\u00e9 le 21.04.2021 \u00e0 18h18 par APA News<\/p>\n<\/div>\n<div readability=\"107\">\n<p>Le Premier ministre ivoirien, Patrick Achi, s\u2019est engag\u00e9 mercredi \u00e0 impulser la croissance \u00e9conomique du pays afin de \u00ab de ramener le taux de pauvret\u00e9 \u00e0 moins de 20% de la population en 2030 contre 39% en 2018 \u00bb, \u00e0 l\u2019ouverture d\u2019un s\u00e9minaire gouvernemental.<\/p>\n<p>M. Patrick Achi, a, dans un discours, relev\u00e9 que ce s\u00e9minaire qui vise \u00e0 finaliser le programme du gouvernement sur la p\u00e9riode 2021-2023 avec un focus sur le Plan d\u2019actions prioritaires 2021, a pour objectif de hisser la C\u00f4te d\u2019Ivoire au rang des \u00ab pays \u00e0 revenu interm\u00e9diaire de tranche sup\u00e9rieure \u00bb. \u00a0<\/p>\n<p>Et ce, \u00ab\u00a0afin de ramener le taux de pauvret\u00e9 \u00e0 moins de 20% de la population en 2030 contre 39% en 2018\u00a0\u00bb. Mais, pour y parvenir, il faudra \u00ab\u00a0faire de l\u2019emploi un combat politique quotidien\u00a0; en mettant tout particuli\u00e8rement au c\u0153ur de nos actions l\u2019emploi des jeunes et l\u2019autonomisation de la femme\u00a0\u00bb.<\/p>\n<p>D\u2019ici \u00e0 10 ans, le chef du gouvernement ivoirien, Patrick Achi, veut \u00ab\u00a0doubler le PIB par t\u00eate d\u2019habitant\u00a0\u00bb et permettre \u00e0 ce qu\u2019une majorit\u00e9 d\u2019Ivoiriens appartiennent \u00e0 la classe moyenne avec un secteur priv\u00e9 fort et qui int\u00e8gre d\u2019ailleurs le digital dans sa production.<\/p>\n<p>\u00ab\u00a0Pour y parvenir, nous devons accorder un int\u00e9r\u00eat toujours plus crucial aux probl\u00e9matiques d\u2019am\u00e9lioration du capital humain\u00a0\u00bb, a dit M. Achi pour qui l\u2019Etat devra atteindre l\u2019acc\u00e8s universel aux biens publics essentiels\u00a0: \u00e9lectricit\u00e9, eau potable, sant\u00e9, habitat, la mobilit\u00e9 et la connexion digitale.<\/p>\n<p>Dans un \u00e9lan participatif et pour la premi\u00e8re fois, ce s\u00e9minaire gouvernemental accueillera la participation du secteur priv\u00e9. \u00ab\u00a0Et ce, au regard du r\u00f4le strat\u00e9gique que nous comptons lui faire jouer dans la r\u00e9alisation des ambitions de d\u00e9veloppement de notre pays\u00a0\u00bb, a-t-il annonc\u00e9.<\/p>\n<p>\u00ab\u00a0Nous aurons donc une journ\u00e9e enti\u00e8re de travail consacr\u00e9e aux \u00e9changes avec des acteurs cl\u00e9s du secteur priv\u00e9 pour initier la transformation dans la construction des mentalit\u00e9s que dans les pratiques de notre administration pour qu\u2019elle puisse demain se mettre au service du secteur priv\u00e9\u00a0\u00bb, a-t-il poursuivi.<\/p>\n<p>\u00ab\u00a0En faisant r\u00e9ussir ces entrepreneurs, l\u2019Etat se fait r\u00e9ussir lui-m\u00eame, fait grandir son pays et fait prosp\u00e9rer ses populations\u00a0\u00bb, a soutenu le Premier ministre ivoirien, faisant savoir que ce changement de paradigme est une vision que veut op\u00e9rer le chef de l\u2019Etat.<\/p>\n<p>Il a r\u00e9it\u00e9r\u00e9 que son Cabinet est un \u00ab gouvernement de mission et nous serons un gouvernement de r\u00e9sultats parce qu\u2019il ne saurait \u00eatre question de faillir dans la r\u00e9alisation de la vision 2030 du pr\u00e9sident de la R\u00e9publique et de son projet de soci\u00e9t\u00e9 d\u2019une C\u00f4te d\u2019Ivoire solidaire \u00bb. \u00a0 \u00a0 \u00a0\u00a0<\/p>\n<p>Ce s\u00e9minaire gouvernemental est le premier au titre de l\u2019ann\u00e9e 2021 et le premier du gouvernement Patrick Achi form\u00e9 le 6 avril dernier. Le nouveau chef du gouvernement envisage de \u00ab\u00a0propulser d\u00e9finitivement\u00a0\u00bb le pays au rang des pays \u00e0 revenu interm\u00e9diaire de tranche sup\u00e9rieure.<\/p>\n<p>Les dossiers qui devront \u00eatre discut\u00e9s ont fait l\u2019objet de travaux pr\u00e9paratoires au sein de chaque minist\u00e8re et de synth\u00e8ses budg\u00e9taires r\u00e9alis\u00e9es par le ministre en charge du Budget, du Plan et des Finances.<\/p>\n<\/div>\n<p>Auteur: APA News<br \/>\n<a href=\"https:\/\/www.journalducameroun.com\/le-gouvernement-ivoirien-veut-ramener-le-taux-de-pauvrete-a-moins-de-20-en-2030\/\">Cliquez ici pour lire l&rsquo;article depuis sa source.<\/a><\/p>\n","protected":false},"excerpt":{"rendered":"<p>Publi\u00e9 le 21.04.2021 \u00e0 18h18 par APA News Le Premier ministre ivoirien, Patrick Achi, s\u2019est engag\u00e9 mercredi \u00e0 impulser la croissance \u00e9conomique du pays afin de \u00ab de ramener le taux de pauvret\u00e9 \u00e0 moins de 20% de la population en 2030 contre 39% en 2018 \u00bb, \u00e0 l\u2019ouverture d\u2019un s\u00e9minaire gouvernemental. M. Patrick Achi, [&hellip;]<\/p>\n","protected":false},"author":1965,"featured_media":0,"comment_status":"closed","ping_status":"closed","sticky":false,"template":"","format":"standard","meta":{"fifu_image_url":"","fifu_image_alt":"","footnotes":""},"categories":[73,82],"tags":[],"class_list":["post-115366","post","type-post","status-publish","format-standard","hentry","category-actualite","category-cameroun"],"_links":{"self":[{"href":"https:\/\/linitiative.ca\/International\/wp-json\/wp\/v2\/posts\/115366","targetHints":{"allow":["GET"]}}],"collection":[{"href":"https:\/\/linitiative.ca\/International\/wp-json\/wp\/v2\/posts"}],"about":[{"href":"https:\/\/linitiative.ca\/International\/wp-json\/wp\/v2\/types\/post"}],"author":[{"embeddable":true,"href":"https:\/\/linitiative.ca\/International\/wp-json\/wp\/v2\/users\/1965"}],"replies":[{"embeddable":true,"href":"https:\/\/linitiative.ca\/International\/wp-json\/wp\/v2\/comments?post=115366"}],"version-history":[{"count":0,"href":"https:\/\/linitiative.ca\/International\/wp-json\/wp\/v2\/posts\/115366\/revisions"}],"wp:attachment":[{"href":"https:\/\/linitiative.ca\/International\/wp-json\/wp\/v2\/media?parent=115366"}],"wp:term":[{"taxonomy":"category","embeddable":true,"href":"https:\/\/linitiative.ca\/International\/wp-json\/wp\/v2\/categories?post=115366"},{"taxonomy":"post_tag","embeddable":true,"href":"https:\/\/linitiative.ca\/International\/wp-json\/wp\/v2\/tags?post=115366"}],"curies":[{"name":"wp","href":"https:\/\/api.w.org\/{rel}","templated":true}]}}