{"id":115369,"date":"2021-04-21T15:18:02","date_gmt":"2021-04-21T19:18:02","guid":{"rendered":"https:\/\/linitiative.ca\/International\/tchad-pluie-dhommages-a-idriss-deby\/"},"modified":"2021-04-21T15:18:02","modified_gmt":"2021-04-21T19:18:02","slug":"tchad-pluie-dhommages-a-idriss-deby","status":"publish","type":"post","link":"https:\/\/linitiative.ca\/International\/tchad-pluie-dhommages-a-idriss-deby\/","title":{"rendered":"Tchad : pluie d\u2019hommages \u00e0 Idriss D\u00e9by"},"content":{"rendered":"<div readability=\"32\">\n<p>Publi\u00e9 le 21.04.2021 \u00e0 20h18 par APA News<\/p>\n<\/div>\n<div readability=\"142\">\n<p>De Dakar \u00e0 Yaound\u00e9 en passant par Abidjan, les chefs d\u2019Etat africains ont unanimement salu\u00e9 la m\u00e9moire du d\u00e9funt pr\u00e9sident tchadien.La mort brutale d\u2019Idriss D\u00e9by Itno a \u00e9t\u00e9 ressentie un peu partout en Afrique. Le \u00ab Mar\u00e9chal du Tchad \u00bb, comme l\u2019appellent ses compatriotes depuis que l\u2019Assembl\u00e9e nationale de son pays lui a d\u00e9cern\u00e9 un tel titre en ao\u00fbt dernier, avait gagn\u00e9, aux yeux de l\u2019opinion publique et de ses pairs, un statut de rempart du bassin du Lac Tchad et du Sahel contre les jihadistes.<\/p>\n<p>Depuis 2013, plusieurs unit\u00e9s de l\u2019arm\u00e9e tchadienne ont \u00e9t\u00e9 d\u00e9ploy\u00e9es au Niger, au Nigeria et au Cameroun pour lutter contre les islamistes de Boko Haram et au Mali pour aider les forces fran\u00e7aises de l\u2019op\u00e9ration Barkhane qui y combattent plusieurs groupes jihadistes.<\/p>\n<p>Sur les r\u00e9seaux sociaux, la classe dirigeante africaine a rendu un vibrant hommage au tout-puissant pr\u00e9sident du Tchad durant 30 ans. Pour son compatriote Moussa Faki Mahamat, pr\u00e9sident de la Commission de l\u2019Union africaine, Idriss D\u00e9by \u00e9tait \u00ab un grand homme d\u2019Etat et un chef militaire reconnu \u00bb.<\/p>\n<p>Pr\u00e9sident du Cameroun, frontalier du Tchad, Paul Biya a soutenu que c\u2019est \u00ab une immense perte pour le Tchad, l\u2019Afrique centrale et notre continent qu\u2019il aura servi sans rel\u00e2che \u00bb.<\/p>\n<p>A lire aussi : Tchad: quels d\u00e9fis apr\u00e8s la mort de Deby (d\u00e9cryptage)<\/p>\n<p>Muhammadu Buhari, pr\u00e9sident du Nigeria, \u00e9galement voisin du Tchad, s\u2019est dit \u00ab profond\u00e9ment choqu\u00e9 et d\u00e9vast\u00e9 par (cette) mort soudaine \u00bb. A en croire le successeur de Goodluck Jonathan, l\u2019ancien homme fort de N\u2019Djamena \u00ab a jou\u00e9 un r\u00f4le tr\u00e8s actif dans leur coalition militaire r\u00e9gionale pour combattre les terroristes de Boko Haram \u00bb.<\/p>\n<p>En 2017, les soldats tchadiens ont \u00e9t\u00e9 d\u2019un pr\u00e9cieux secours au Nigeria, au Cameroun et au Niger confront\u00e9s \u00e0 des attaques r\u00e9p\u00e9t\u00e9es des islamistes. Buhari a soulign\u00e9 que \u00ab la mort de D\u00e9by va certainement cr\u00e9er un grand vide \u00bb.<\/p>\n<p>A la t\u00eate du Niger, Mohamed Bazoum a appris \u00ab avec une grande \u00e9motion \u00bb la disparition du pr\u00e9sident en exercice du G5 Sahel dont font partie leurs deux pays en compagnie du Mali, du Burkina et de la Mauritanie. Son pr\u00e9d\u00e9cesseur Mouhamadou Issoufou a aussi affirm\u00e9 qu\u2019il garde le souvenir \u00ab d\u2019un grand homme d\u2019Etat et d\u2019un \u00e9minent strat\u00e8ge \u00bb.<\/p>\n<p>Roch Marc Christian Kabor\u00e9, chef de l\u2019Etat burkinab\u00e8, a quant \u00e0 lui regrett\u00e9 le d\u00e9c\u00e8s \u00ab d\u2019un fr\u00e8re, d\u2019un grand panafricaniste, engag\u00e9 avec conviction et d\u00e9termination dans la lutte contre le terrorisme \u00bb.<\/p>\n<p>Pour sa part, Bah N\u2019Daw, pr\u00e9sident de la transition au Mali, a estim\u00e9 que la mort d\u2019Idriss D\u00e9by \u00ab est une lourde perte, non seulement pour le Tchad pour lequel il est all\u00e9 jusqu\u2019au sacrifice supr\u00eame, mais aussi pour la r\u00e9gion sah\u00e9lienne et l\u2019Afrique \u00bb.<\/p>\n<p>A lire aussi : Mort de D\u00e9by : la France perd un alli\u00e9 majeur en Afrique<\/p>\n<p>Signe de la compassion de l\u2019Etat malien, un deuil de trois jours, \u00e0 compter de ce mercredi, a \u00e9t\u00e9 d\u00e9cr\u00e9t\u00e9 sur toute l\u2019\u00e9tendue du territoire national.<\/p>\n<p>De l\u2019avis du chef de l\u2019Etat togolais, Faure Gnassingb\u00e9, \u00ab l\u2019engagement (du d\u00e9funt) pour la paix au Tchad et la stabilit\u00e9 du Sahel fut constant \u00bb. C\u2019est pourquoi son homologue s\u00e9n\u00e9galais, Macky Sall, a rendu \u00ab un hommage appuy\u00e9 \u00e0 (D\u00e9by) pour sa contribution \u00e0 la stabilisation\u00a0\u00bb de la zone sah\u00e9lienne.<\/p>\n<p>Enfin, Alassane Ouattara, pr\u00e9sident de la C\u00f4te d\u2019Ivoire, a manifest\u00e9 sa \u00ab consternation \u00bb suite au \u00ab d\u00e9c\u00e8s tragique de (son) ami et fr\u00e8re \u00bb.<\/p>\n<p>Idriss D\u00e9by Itno (68 ans) serait mort les armes \u00e0 la main en affrontant les rebelles du Front pour l\u2019alternance et la concorde au Tchad (Fact) venus de la Libye et dont l\u2019objectif d\u00e9clar\u00e9 est de renverser son r\u00e9gime.\u00a0<\/p>\n<p>L\u2019annonce du d\u00e9c\u00e8s du pr\u00e9sident tchadien est intervenue mardi 20 avril, quelques heures seulement apr\u00e8s que la Commission \u00e9lectorale nationale ind\u00e9pendante (Ceni) a d\u00e9clar\u00e9 sa victoire d\u00e8s le premier tour de l\u2019\u00e9lection pr\u00e9sidentielle du 11 avril dernier avec 79,32 % des suffrages valablement exprim\u00e9s.<\/p>\n<p>D\u00e9sormais, c\u2019est son fils, Mahamat Idriss D\u00e9by (37 ans), qui a pris les r\u00eanes du pays suite \u00e0 la mise sur pied d\u2019un Conseil militaire de transition (CMT). Celui-ci est cens\u00e9 conduire le Tchad vers des \u00e9lections g\u00e9n\u00e9rales dans 18 mois.<\/p>\n<\/div>\n<p>Auteur: APA News<br \/>\n<a href=\"https:\/\/www.journalducameroun.com\/tchad-pluie-dhommages-a-idriss-deby\/\">Cliquez ici pour lire l&rsquo;article depuis sa source.<\/a><\/p>\n","protected":false},"excerpt":{"rendered":"<p>Publi\u00e9 le 21.04.2021 \u00e0 20h18 par APA News De Dakar \u00e0 Yaound\u00e9 en passant par Abidjan, les chefs d\u2019Etat africains ont unanimement salu\u00e9 la m\u00e9moire du d\u00e9funt pr\u00e9sident tchadien.La mort brutale d\u2019Idriss D\u00e9by Itno a \u00e9t\u00e9 ressentie un peu partout en Afrique. Le \u00ab Mar\u00e9chal du Tchad \u00bb, comme l\u2019appellent ses compatriotes depuis que l\u2019Assembl\u00e9e [&hellip;]<\/p>\n","protected":false},"author":1965,"featured_media":0,"comment_status":"closed","ping_status":"closed","sticky":false,"template":"","format":"standard","meta":{"fifu_image_url":"","fifu_image_alt":"","footnotes":""},"categories":[73,82],"tags":[],"class_list":["post-115369","post","type-post","status-publish","format-standard","hentry","category-actualite","category-cameroun"],"_links":{"self":[{"href":"https:\/\/linitiative.ca\/International\/wp-json\/wp\/v2\/posts\/115369","targetHints":{"allow":["GET"]}}],"collection":[{"href":"https:\/\/linitiative.ca\/International\/wp-json\/wp\/v2\/posts"}],"about":[{"href":"https:\/\/linitiative.ca\/International\/wp-json\/wp\/v2\/types\/post"}],"author":[{"embeddable":true,"href":"https:\/\/linitiative.ca\/International\/wp-json\/wp\/v2\/users\/1965"}],"replies":[{"embeddable":true,"href":"https:\/\/linitiative.ca\/International\/wp-json\/wp\/v2\/comments?post=115369"}],"version-history":[{"count":0,"href":"https:\/\/linitiative.ca\/International\/wp-json\/wp\/v2\/posts\/115369\/revisions"}],"wp:attachment":[{"href":"https:\/\/linitiative.ca\/International\/wp-json\/wp\/v2\/media?parent=115369"}],"wp:term":[{"taxonomy":"category","embeddable":true,"href":"https:\/\/linitiative.ca\/International\/wp-json\/wp\/v2\/categories?post=115369"},{"taxonomy":"post_tag","embeddable":true,"href":"https:\/\/linitiative.ca\/International\/wp-json\/wp\/v2\/tags?post=115369"}],"curies":[{"name":"wp","href":"https:\/\/api.w.org\/{rel}","templated":true}]}}