{"id":115371,"date":"2021-04-21T14:50:02","date_gmt":"2021-04-21T18:50:02","guid":{"rendered":"https:\/\/linitiative.ca\/International\/securite-alimentaire-loffice-cerealier-en-quete-de-financements-pour-se-ravitailler-a-la-semry\/"},"modified":"2021-04-21T14:50:02","modified_gmt":"2021-04-21T18:50:02","slug":"securite-alimentaire-loffice-cerealier-en-quete-de-financements-pour-se-ravitailler-a-la-semry","status":"publish","type":"post","link":"https:\/\/linitiative.ca\/International\/securite-alimentaire-loffice-cerealier-en-quete-de-financements-pour-se-ravitailler-a-la-semry\/","title":{"rendered":"S\u00e9curit\u00e9 alimentaire : l\u2019Office C\u00e9r\u00e9alier en qu\u00eate de financements pour se ravitailler \u00e0 la Semry"},"content":{"rendered":"<p>Nomm\u00e9 en novembre dernier, le nouveau directeur g\u00e9n\u00e9ral de l\u2019Office C\u00e9r\u00e9alier du Cameroun, Mohamadou Gassimou, a effectu\u00e9 le mardi 13 avril dernier une visite d\u2019inspection \u00e0 la base de la Soci\u00e9t\u00e9 d\u2019expansion et de modernisation de la riziculture de Yagoua (Semry) \u00e0 Yagoua, r\u00e9gion de l\u2019Extr\u00eame-Nord. Il s\u2019est agi pour le nouveau manager au cours de cette descente, de s\u2019enqu\u00e9rir des capacit\u00e9s de production de la Semry et de la qualit\u00e9 de ses produits. Il a donc pris le pouls des magasins de stockage du riz paddy et des produits finis, et a \u00e9galement fait un tour \u00e0 la rizerie. L\u2019objet de cette visite \u00e9tant davantage \u00ab de voir les quantit\u00e9s disponibles dans les magasins, et d\u2019envisager une \u00e9ventuelle convention pour l\u2019acquisition de ces stocks \u00bb, acquiesce Mohamadou Gassimou, joint jeudi dernier au t\u00e9l\u00e9phone par EcoMatin.<\/p>\n<p><strong>Lire aussi<\/strong> : <strong><a href=\"https:\/\/ecomatin.net\/la-semry-vise-une-production-annuellle-de-180-000-tonnes-de-riz\/\">La Semry vise une production annuelle de 180 000 tonnes de riz<\/a><\/strong><\/p>\n<p>En clair, l\u2019Office C\u00e9r\u00e9alier ambitionne de s\u2019approvisionner en riz \u00e0 la Semry, et acqu\u00e9rir l\u2019ensemble du stock de 50 000 tonnes de paddy disponibles dans ses magasins. Quoiqu\u2019elle est importante, cette quantit\u00e9 s\u2019av\u00e8re \u00ab insuffisante \u00bb \u00e0 en croire le Dg de l\u2019office. C\u2019est qu\u2019en effet, sa structure a besoin de mobiliser 47 650 tonnes de c\u00e9r\u00e9ales chaque ann\u00e9e pour anticiper sur une \u00e9ventuelle p\u00e9nurie sur les march\u00e9s et garantir une s\u00e9curit\u00e9 alimentaire aux populations des r\u00e9gions septentrionales, consommatrices privil\u00e9gi\u00e9es des c\u00e9r\u00e9ales. Pour sa part, elle dispose actuellement de 50 000 sacs de ma\u00efs dans ses entrep\u00f4ts de l\u2019Adamaoua, et de 11 000 tonnes de mil dans ses magasins \u00e0 l\u2019Extr\u00eame-Nord. Ces denr\u00e9es ayant \u00e9t\u00e9 acquises gr\u00e2ce aux fonds mis \u00e0 la disposition de l\u2019office dans le cadre de la riposte contre la pand\u00e9mie de Coronavirus, mais aussi du reliquat du budget de l\u2019exercice 2020.<\/p>\n<p><strong>Qu\u00eate de financements<\/strong><\/p>\n<p>L\u2019Office C\u00e9r\u00e9alier est confront\u00e9 \u00e0 d\u2019\u00e9normes d\u00e9fis structurels, mais ne dispose malheureusement pas du m\u00eame confort financier que d\u2019autres soci\u00e9t\u00e9s de souverainet\u00e9. Il ne jouit pas d\u2019une autonomie financi\u00e8re pouvant lui permettre de planifier ses activit\u00e9s. Pour engager des investissements par exemple, il doit s\u2019en remettre \u00e0 sa tutelle technique qui est le minist\u00e8re de de l\u2019Agriculture et du D\u00e9veloppement Rural (Minader), et pour s\u2019approvisionner en denr\u00e9es, au minist\u00e8re des Finances (Minfi), qui est sa tutelle administrative. Aussi, le nouveau Dg dans sa clairvoyance a entrepris d\u2019initier des dossiers d\u2019aide de financements aupr\u00e8s de quelques bailleurs de fonds \u00e9trangers, notamment la Banque islamique de d\u00e9veloppement (BID) et le Fonds europ\u00e9en de d\u00e9veloppement (Fed), \u00e0 l\u2019effet d\u2019obtenir des fonds n\u00e9cessaires pour l\u2019approvisionnement de l\u2019office. Le budget de la soci\u00e9t\u00e9 au titre de l\u2019exercice 2021 a \u00e9t\u00e9 quasiment doubl\u00e9 et se chiffre \u00e0 4,3 milliards de Fcfa.<\/p>\n<p><strong>Lire aussi<\/strong> : <strong><a href=\"https:\/\/ecomatin.net\/la-semry-recoit-12-milliard-pour-dynamiser-le-secteur-rizicole\/\">La Semry re\u00e7oit 1,2 milliard pour dynamiser le secteur rizicole<\/a><\/strong><\/p>\n<p>Auteur: Yannick KENNE<br \/>\n<a href=\"https:\/\/ecomatin.net\/securite-alimentaire-loffice-cerealierr-en-quete-de-financementss-pour-se-ravitailler-a-la-semry\/\">Cliquez ici pour lire l&rsquo;article depuis sa source.<\/a><\/p>\n","protected":false},"excerpt":{"rendered":"<p>Nomm\u00e9 en novembre dernier, le nouveau directeur g\u00e9n\u00e9ral de l\u2019Office C\u00e9r\u00e9alier du Cameroun, Mohamadou Gassimou, a effectu\u00e9 le mardi 13 avril dernier une visite d\u2019inspection \u00e0 la base de la Soci\u00e9t\u00e9 d\u2019expansion et de modernisation de la riziculture de Yagoua (Semry) \u00e0 Yagoua, r\u00e9gion de l\u2019Extr\u00eame-Nord. Il s\u2019est agi pour le nouveau manager au cours [&hellip;]<\/p>\n","protected":false},"author":1969,"featured_media":0,"comment_status":"closed","ping_status":"closed","sticky":false,"template":"","format":"standard","meta":{"fifu_image_url":"","fifu_image_alt":"","footnotes":""},"categories":[82,78],"tags":[],"class_list":["post-115371","post","type-post","status-publish","format-standard","hentry","category-cameroun","category-economie"],"_links":{"self":[{"href":"https:\/\/linitiative.ca\/International\/wp-json\/wp\/v2\/posts\/115371","targetHints":{"allow":["GET"]}}],"collection":[{"href":"https:\/\/linitiative.ca\/International\/wp-json\/wp\/v2\/posts"}],"about":[{"href":"https:\/\/linitiative.ca\/International\/wp-json\/wp\/v2\/types\/post"}],"author":[{"embeddable":true,"href":"https:\/\/linitiative.ca\/International\/wp-json\/wp\/v2\/users\/1969"}],"replies":[{"embeddable":true,"href":"https:\/\/linitiative.ca\/International\/wp-json\/wp\/v2\/comments?post=115371"}],"version-history":[{"count":0,"href":"https:\/\/linitiative.ca\/International\/wp-json\/wp\/v2\/posts\/115371\/revisions"}],"wp:attachment":[{"href":"https:\/\/linitiative.ca\/International\/wp-json\/wp\/v2\/media?parent=115371"}],"wp:term":[{"taxonomy":"category","embeddable":true,"href":"https:\/\/linitiative.ca\/International\/wp-json\/wp\/v2\/categories?post=115371"},{"taxonomy":"post_tag","embeddable":true,"href":"https:\/\/linitiative.ca\/International\/wp-json\/wp\/v2\/tags?post=115371"}],"curies":[{"name":"wp","href":"https:\/\/api.w.org\/{rel}","templated":true}]}}