{"id":115375,"date":"2021-04-22T09:28:50","date_gmt":"2021-04-22T13:28:50","guid":{"rendered":"https:\/\/linitiative.ca\/International\/langue-amazighe-400-enseignants-seront-recrutes-dans-les-trois-prochaines-annees\/"},"modified":"2021-04-22T09:28:50","modified_gmt":"2021-04-22T13:28:50","slug":"langue-amazighe-400-enseignants-seront-recrutes-dans-les-trois-prochaines-annees","status":"publish","type":"post","link":"https:\/\/linitiative.ca\/International\/langue-amazighe-400-enseignants-seront-recrutes-dans-les-trois-prochaines-annees\/","title":{"rendered":"Langue amazighe : 400 enseignants seront  recrut\u00e9s dans les trois prochaines ann\u00e9es"},"content":{"rendered":"<figure class=\"post-thumbnail\" itemprop=\"associatedMedia\" itemscope=\"itemscope\" itemtype=\"http:\/\/schema.org\/ImageObject\"><img decoding=\"async\" class=\"post_layout_5_img\" src=\"http:\/\/aujourdhui.ma\/wp-content\/uploads\/2021\/04\/enseignante-eleves-amazigh.jpg\" alt=\"Langue amazighe : 400 enseignants seront recrut\u00e9s dans les trois prochaines ann\u00e9es\"\/><\/figure>\n<p><span class=\"c7\"><strong>Le minist\u00e8re pr\u00e9pare de nouveaux programmes pour le cycle primaire et secondaire<\/strong><\/span><span id=\"more-374510\"\/><\/p>\n<p>\u00abLe minist\u00e8re a d\u00e9cid\u00e9 de doubler le nombre de professeurs form\u00e9s dans les centres r\u00e9gionaux pour les m\u00e9tiers de l\u2019\u00e9ducation et de la formation au cours des trois prochaines ann\u00e9es en employant 400 enseignants sp\u00e9cialis\u00e9s en langue Amazighe\u00bb, a r\u00e9v\u00e9l\u00e9 Saaid Amzazi, ministre de l\u2019\u00e9ducation nationale, de la formation professionnelle, de l\u2019enseignement sup\u00e9rieur et de la recherche scientifique, porte-parole du gouvernement, lors de la premi\u00e8re r\u00e9union de la Commission minist\u00e9rielle permanente charg\u00e9e d\u2019assurer le suivi et l\u2019\u00e9valuation de la mise en \u0153uvre du caract\u00e8re officiel de la langue amazighe. Une d\u00e9marche qui permettra, selon le ministre, de \u00abcombler le manque des ressources humaines et favoriser la disponibilit\u00e9 de 5000 enseignants sp\u00e9cialis\u00e9s de la langue amazighe dans l\u2019enseignement primaire et secondaire d\u2019ici 2030\u00bb.<\/p>\n<p><span class=\"c8\"><strong>1.5 million d\u2019\u00e9l\u00e8ves apprennent la langue amazighe<\/strong><\/span><\/p>\n<p>Le ministre a fait savoir que \u00able nombre d\u2019\u00e9l\u00e8ves b\u00e9n\u00e9ficiaires des cours de la langue amazighe a atteint un demi-million d\u2019\u00e9l\u00e8ves par an\u00bb. Ces donn\u00e9es, selon lui, ne sont pas \u00e0 la hauteur des aspirations. \u00abL\u2019obstacle le plus important devant la g\u00e9n\u00e9ralisation horizontale et verticale de l\u2019enseignement de la langue r\u00e9side dans le manque de ressources humaines stables\u00bb, note-t-il. M. Amzazi a annonc\u00e9 par ailleurs que le minist\u00e8re de l\u2019\u00e9ducation nationale est en train de revoir d\u2019une mani\u00e8re compl\u00e8te le programme de langue amazighe du primaire (sa formulation remonte \u00e0 2003). Ainsi, son \u00e9laboration sera pr\u00e9par\u00e9e conjointement avec l\u2019Institut royal de la culture amazighe (L\u2019Ircam). \u00abLes livres de la premi\u00e8re, deuxi\u00e8me et troisi\u00e8me ann\u00e9e seront pr\u00eats en septembre 2021\u00bb, note-t-il. De m\u00eame, il a annonc\u00e9 la mise en place d\u2019un \u00abnouveau programme de la langue amazighe pour le cycle secondaire dont sa mise en \u0153uvre pr\u00e9vue \u00e0 partir de septembre 2022\u00bb.<\/p>\n<p><strong><span class=\"c8\">Int\u00e9gration de la dimension culturelle amazighe dans toutes les mati\u00e8res acad\u00e9miques<\/span><\/strong><\/p>\n<p>M. Amzazi a indiqu\u00e9 en effet que la dimension culturelle amazighe sera int\u00e9gr\u00e9e dans toutes les mati\u00e8res acad\u00e9miques, similaire \u00e0 la dimension culturelle arabe, ainsi que les dimensions culturelles h\u00e9bra\u00efque, africaine, andalouse et universelle. \u00abLes dimensions historiques et culturelles de la composante amazighe ont \u00e9galement \u00e9t\u00e9 int\u00e9gr\u00e9es dans les nouveaux programmes d\u2019\u00e9tudes du cycle primaire que ce soit dans la mati\u00e8re d\u2019histoire ou d\u2019autres mati\u00e8res\u00bb, note -t-il. Il a ajout\u00e9 que dans le cadre de la formation continue et en coop\u00e9ration avec l\u2019Institut royal de la culture amazighe, le minist\u00e8re a assur\u00e9 la formation d\u2019environ 9000 cadres \u00e9ducatifs et \u00e9labor\u00e9 les manuels et les guides couvrant les six ann\u00e9es du cursus du primaire. M.Amzazi a expliqu\u00e9 d\u2019une part que les lignes directrices de base pour le plan d\u00e9cennal 2021-2030 et le programme de travail transitoire 2021-2023 s\u2019articulent autour de trois axes principaux, \u00e0 savoir la m\u00e9thodologie d\u2019enseignement, la formation des enseignants et des encadrants, et l\u2019\u00e9valuation et examens, outre un axe interdisciplinaire relatif \u00e0 la cr\u00e9ation de structures d\u2019encadrement, de suivi et d\u2019accompagnement.<\/p>\n<p><strong><span class=\"c8\">Appel \u00e0 acc\u00e9l\u00e9rer les projets strat\u00e9giques prioritaires<\/span><\/strong><\/p>\n<p>Pour rappel, lors de la premi\u00e8re r\u00e9union de la Commission minist\u00e9rielle permanente charg\u00e9e d\u2019assurer le suivi et l\u2019\u00e9valuation de la mise en \u0153uvre du caract\u00e8re officiel de la langue amazighe qui s\u2019est tenue tout r\u00e9cemment, le chef de gouvernement, Saad Dine El Otmani, a appel\u00e9 \u00e0 intensifier les efforts et \u00e0 mobiliser toutes les \u00e9nergies susceptibles de favoriser l\u2019application des dispositions de la loi organique 26-16 relative \u00e0 la mise en \u0153uvre du caract\u00e8re officiel de la langue amazighe et \u00e0 l\u2019acc\u00e9l\u00e9ration des projets strat\u00e9giques prioritaires qu\u2019elle stipule. En l\u2019occurrence l\u2019inventaire des diff\u00e9rents textes l\u00e9gislatifs et juridiques qui doivent \u00eatre adapt\u00e9s aux dispositions de ladite loi, outre le dossier d\u2019int\u00e9gration de l\u2019amazighe dans le syst\u00e8me d\u2019\u00e9ducation, de la formation et de la recherche scientifique. Il a indiqu\u00e9 que cet important chantier sera confi\u00e9 \u00e0 la commission juridique qui sera constitu\u00e9e aupr\u00e8s de la commission minist\u00e9rielle, appelant les membres de cette derni\u00e8re \u00e0 enrichir les documents pr\u00e9par\u00e9s par le secr\u00e9tariat permanent avec leurs observations, remarques et suggestions qui seront prises en consid\u00e9ration dans l\u2019\u00e9laboration d\u2019un tableau de bord complet du plan gouvernemental int\u00e9gr\u00e9.<\/p>\n<p>Auteur: Siham Jadraoui<br \/>\n<a href=\"https:\/\/aujourdhui.ma\/societe\/langue-amazighe-400-enseignants-seront-recrutes-dans-les-trois-prochaines-annees\">Cliquez ici pour lire l&rsquo;article depuis sa source.<\/a><\/p>\n","protected":false},"excerpt":{"rendered":"<p>Le minist\u00e8re pr\u00e9pare de nouveaux programmes pour le cycle primaire et secondaire \u00abLe minist\u00e8re a d\u00e9cid\u00e9 de doubler le nombre de professeurs form\u00e9s dans les centres r\u00e9gionaux pour les m\u00e9tiers de l\u2019\u00e9ducation et de la formation au cours des trois prochaines ann\u00e9es en employant 400 enseignants sp\u00e9cialis\u00e9s en langue Amazighe\u00bb, a r\u00e9v\u00e9l\u00e9 Saaid Amzazi, ministre [&hellip;]<\/p>\n","protected":false},"author":1759,"featured_media":0,"comment_status":"closed","ping_status":"closed","sticky":false,"template":"","format":"standard","meta":{"fifu_image_url":"http:\/\/aujourdhui.ma\/wp-content\/uploads\/2021\/04\/enseignante-eleves-amazigh.jpg","fifu_image_alt":"Langue amazighe : 400 enseignants seront  recrut\u00e9s dans les trois prochaines ann\u00e9es","footnotes":""},"categories":[73,54],"tags":[],"class_list":["post-115375","post","type-post","status-publish","format-standard","hentry","category-actualite","category-maroc"],"_links":{"self":[{"href":"https:\/\/linitiative.ca\/International\/wp-json\/wp\/v2\/posts\/115375","targetHints":{"allow":["GET"]}}],"collection":[{"href":"https:\/\/linitiative.ca\/International\/wp-json\/wp\/v2\/posts"}],"about":[{"href":"https:\/\/linitiative.ca\/International\/wp-json\/wp\/v2\/types\/post"}],"author":[{"embeddable":true,"href":"https:\/\/linitiative.ca\/International\/wp-json\/wp\/v2\/users\/1759"}],"replies":[{"embeddable":true,"href":"https:\/\/linitiative.ca\/International\/wp-json\/wp\/v2\/comments?post=115375"}],"version-history":[{"count":0,"href":"https:\/\/linitiative.ca\/International\/wp-json\/wp\/v2\/posts\/115375\/revisions"}],"wp:attachment":[{"href":"https:\/\/linitiative.ca\/International\/wp-json\/wp\/v2\/media?parent=115375"}],"wp:term":[{"taxonomy":"category","embeddable":true,"href":"https:\/\/linitiative.ca\/International\/wp-json\/wp\/v2\/categories?post=115375"},{"taxonomy":"post_tag","embeddable":true,"href":"https:\/\/linitiative.ca\/International\/wp-json\/wp\/v2\/tags?post=115375"}],"curies":[{"name":"wp","href":"https:\/\/api.w.org\/{rel}","templated":true}]}}