{"id":115377,"date":"2021-04-22T10:45:22","date_gmt":"2021-04-22T14:45:22","guid":{"rendered":"https:\/\/linitiative.ca\/International\/promenade-maritime-de-la-mosquee-hassan-ii\/"},"modified":"2021-04-22T10:45:22","modified_gmt":"2021-04-22T14:45:22","slug":"promenade-maritime-de-la-mosquee-hassan-ii","status":"publish","type":"post","link":"https:\/\/linitiative.ca\/International\/promenade-maritime-de-la-mosquee-hassan-ii\/","title":{"rendered":"Promenade maritime de la Mosqu\u00e9e Hassan II"},"content":{"rendered":"<header>\n<\/header>\n<div class=\"entry-content clearfix\" readability=\"38\">\n<p><iframe loading=\"lazy\" width=\"536\" height=\"323\" src=\"\/\/www.youtube.com\/embed\/nuEXb6FxNEg?\" frameborder=\"0\" allowfullscreen=\"allowfullscreen\">[embedded content]<\/iframe><\/p>\n<p><span class=\"c7\"><strong>L\u2019am\u00e9nagement de la surface maritime de la Mosqu\u00e9e Hassan II renforce l\u2019attractivit\u00e9 de cette art\u00e8re de la m\u00e9tropole.<\/strong><\/span><span id=\"more-374543\"\/><\/p>\n<p>Les Casablancais se r\u00e9jouissent de ce chantier qui a fait de cette promenade une destination principale des fervents du sport et de la nature. Les t\u00e9moignages recueillis par le reporter d\u2019ALM d\u00e9montrent clairement de l\u2019engouement des citadins pour cette adresse notamment en ce mois de Ramadan.<\/p>\n<p><strong>Reportage Chafik arich<\/strong><\/p>\n<\/div>\n<p>Auteur: ALM<br \/>\n<a href=\"https:\/\/aujourdhui.ma\/videos\/promenade-maritime-de-la-mosquee-hassan-ii\">Cliquez ici pour lire l&rsquo;article depuis sa source.<\/a><\/p>\n","protected":false},"excerpt":{"rendered":"<p>[embedded content] L\u2019am\u00e9nagement de la surface maritime de la Mosqu\u00e9e Hassan II renforce l\u2019attractivit\u00e9 de cette art\u00e8re de la m\u00e9tropole. Les Casablancais se r\u00e9jouissent de ce chantier qui a fait de cette promenade une destination principale des fervents du sport et de la nature. Les t\u00e9moignages recueillis par le reporter d\u2019ALM d\u00e9montrent clairement de l\u2019engouement [&hellip;]<\/p>\n","protected":false},"author":1759,"featured_media":0,"comment_status":"closed","ping_status":"closed","sticky":false,"template":"","format":"standard","meta":{"fifu_image_url":"","fifu_image_alt":"","footnotes":""},"categories":[73,54],"tags":[],"class_list":["post-115377","post","type-post","status-publish","format-standard","hentry","category-actualite","category-maroc"],"_links":{"self":[{"href":"https:\/\/linitiative.ca\/International\/wp-json\/wp\/v2\/posts\/115377","targetHints":{"allow":["GET"]}}],"collection":[{"href":"https:\/\/linitiative.ca\/International\/wp-json\/wp\/v2\/posts"}],"about":[{"href":"https:\/\/linitiative.ca\/International\/wp-json\/wp\/v2\/types\/post"}],"author":[{"embeddable":true,"href":"https:\/\/linitiative.ca\/International\/wp-json\/wp\/v2\/users\/1759"}],"replies":[{"embeddable":true,"href":"https:\/\/linitiative.ca\/International\/wp-json\/wp\/v2\/comments?post=115377"}],"version-history":[{"count":0,"href":"https:\/\/linitiative.ca\/International\/wp-json\/wp\/v2\/posts\/115377\/revisions"}],"wp:attachment":[{"href":"https:\/\/linitiative.ca\/International\/wp-json\/wp\/v2\/media?parent=115377"}],"wp:term":[{"taxonomy":"category","embeddable":true,"href":"https:\/\/linitiative.ca\/International\/wp-json\/wp\/v2\/categories?post=115377"},{"taxonomy":"post_tag","embeddable":true,"href":"https:\/\/linitiative.ca\/International\/wp-json\/wp\/v2\/tags?post=115377"}],"curies":[{"name":"wp","href":"https:\/\/api.w.org\/{rel}","templated":true}]}}