{"id":115380,"date":"2021-04-21T14:00:40","date_gmt":"2021-04-21T18:00:40","guid":{"rendered":"https:\/\/linitiative.ca\/International\/%ef%bb%bfrapprochement-entre-riyad-et-teheran\/"},"modified":"2021-04-21T14:00:40","modified_gmt":"2021-04-21T18:00:40","slug":"%ef%bb%bfrapprochement-entre-riyad-et-teheran","status":"publish","type":"post","link":"https:\/\/linitiative.ca\/International\/%ef%bb%bfrapprochement-entre-riyad-et-teheran\/","title":{"rendered":"\ufeffRapprochement entre Riyad et T\u00e9h\u00e9ran"},"content":{"rendered":"<p class=\"has-text-color has-vivid-cyan-blue-color c1\"><strong>Attendons pour voir\u2026<\/strong><\/p>\n<p><strong>Apr\u00e8s plus de 5 ann\u00e9es de rupture, l\u2019Arabie Saoudite et l\u2019Iran ont discr\u00e8tement renou\u00e9 le dialogue le 9 Avril dernier \u00e0 Baghdad par l\u2019entremise du chef des Renseignements saoudiens, Khalid bin Ali al-Humaidan, et de responsables iraniens mandat\u00e9s par Ali Chamkhani, le secr\u00e9taire du Conseil supr\u00eame de la s\u00e9curit\u00e9 nationale de la R\u00e9publique islamique d\u2019Iran. Rapport\u00e9e, ce dimanche, par les quotidiens britanniques \u00ab Financial Times \u00bb et \u00ab Sunday Times \u00bb, cette information a \u00e9t\u00e9 confirm\u00e9e, le lendemain, par l\u2019Agence France-Presse.<\/strong><\/p>\n<p>Ces entretiens qui, \u00e0 en croire le Financial Times, sont \u00ab les premi\u00e8res discussions s\u00e9rieuses entre les deux pays depuis la rupture de leurs relations diplomatiques en 2016 \u00bb ont \u00e9t\u00e9 encourag\u00e9s par \u00ab le Premier ministre irakien Moustafa Al-Kazimi \u00bb dans le but de \u00ab faire, de l\u2019Irak, un pont entre ces deux puissances antagonistes \u00bb et de faire baisser la tension entre le Royaume d\u2019Arabie Saoudite, sunnite, et l\u2019Iran, pays tut\u00e9laire des chiites.<\/p>\n<p>Or, en y regardant d\u2019assez\u00a0 pr\u00e8s, cette rencontre n\u2019est pas fortuite. Elle est \u00e0 placer, tout d\u2019abord, dans le contexte du changement de la politique am\u00e9ricaine vis-\u00e0-vis de Riyad car, comme l\u2019a signal\u00e9, au micro de \u00ab Sputnik \u00bb, Thierry Coville, Directeur de recherche \u00e0 l\u2019Institut de relations internationales et strat\u00e9giques (IRIS), \u00ab la politique de carte blanche \u00e0 l\u2019Arabie saoudite est finie \u00bb.<\/p>\n<p>D\u2019ailleurs, d\u00e8s son arriv\u00e9e \u00e0 la Maison Blanche, le nouveau pr\u00e9sident am\u00e9ricain s\u2019\u00e9tait empress\u00e9 d\u2019envoyer un message tr\u00e8s clair \u00e0 Riyad laissant entendre que, pour traiter des questions qui int\u00e9ressent les deux pays, il ne compte pas passer par le prince h\u00e9ritier et chef d\u2019Etat de fait, Mohammed Ben Salmane, responsable, \u00e0 ses yeux, de l\u2019odieux assassinat du journaliste et opposant Jamal Khashoggi et de la \u00ab sale guerre \u00bb du Y\u00e9men mais par son p\u00e8re, le Roi Salmane. Aussi, est-il logique que, pour s\u2019attirer les bonnes gr\u00e2ces de Washington, Riyad\u00a0 mette de l\u2019eau dans son vin et calme cette recherche du leadership r\u00e9gional qui l\u2019oppose \u00e0 T\u00e9h\u00e9ran depuis l\u2019av\u00e8nement de la r\u00e9volution islamique en 1979.\u00a0\u00a0<\/p>\n<p>A cela, s\u2019ajoute le d\u00e9sir manifeste de Joe Biden de r\u00e9activer l\u2019accord de Vienne et d\u2019y faire retourner les Etats-Unis donc d\u2019aboutir \u00e0 une lev\u00e9e des sanctions impos\u00e9es \u00e0 l\u2019Iran pour \u00ab bien encadrer \u00bb son programme nucl\u00e9aire et balistique mais, \u00e9galement, le souci de l\u2019Arabie Saoudite de mettre fin au conflit du Y\u00e9men qui dure depuis 2015 mais qu\u2019elle peine \u00e0 gagner face aux insurg\u00e9s Houtis soutenus par l\u2019Iran alors m\u00eame qu\u2019elle a plong\u00e9 le pays dans une situation humanitaire d\u00e9sastreuse.<\/p>\n<p>Mais, s\u2019il est vrai que le \u00ab poids \u00bb de Washington est capital dans ce rapprochement entre les deux fr\u00e8res-ennemis sunnite et chiite, il n\u2019en demeure pas moins vrai que c\u2019est, aussi et surtout, la strat\u00e9gie adopt\u00e9e r\u00e9cemment, par l\u2019Iran, qui a permis cette rencontre inconcevable, il y a \u00e0 peine quelques mois.<\/p>\n<p>En effet, lorsque le chef de la diplomatie iranienne Mohamed Javad Zarif avait \u00e9mis le souhait de conclure un \u00ab accord de s\u00e9curit\u00e9 r\u00e9gionale \u00bb, il avait invit\u00e9 tous ses partenaires du Golfe \u00e0 se parler directement au nom de leur proximit\u00e9 religieuse, culturelle et g\u00e9ographique et \u00e9cart\u00e9, par-l\u00e0, toute intervention des puissances occidentales ; une mani\u00e8re de dire \u00e0 ces derni\u00e8res \u00ab ne nous mettez pas la pression pour conclure un accord de politique r\u00e9gionale, on est capables de le faire nous-m\u00eames ! \u00bb. Y parviendront-ils ? Attendons pour voir\u2026<\/p>\n<p class=\"has-text-color has-vivid-red-color\"><strong>Nabil EL BOUSAADI<\/strong><\/p>\n<p>Auteur: M&rsquo;hammed rahal<br \/>\n<a href=\"http:\/\/albayane.press.ma\/%EF%BB%BFrapprochement-entre-riyad-et-teheran.html\">Cliquez ici pour lire l&rsquo;article depuis sa source.<\/a><\/p>\n","protected":false},"excerpt":{"rendered":"<p>Attendons pour voir\u2026 Apr\u00e8s plus de 5 ann\u00e9es de rupture, l\u2019Arabie Saoudite et l\u2019Iran ont discr\u00e8tement renou\u00e9 le dialogue le 9 Avril dernier \u00e0 Baghdad par l\u2019entremise du chef des Renseignements saoudiens, Khalid bin Ali al-Humaidan, et de responsables iraniens mandat\u00e9s par Ali Chamkhani, le secr\u00e9taire du Conseil supr\u00eame de la s\u00e9curit\u00e9 nationale de la [&hellip;]<\/p>\n","protected":false},"author":1760,"featured_media":0,"comment_status":"closed","ping_status":"closed","sticky":false,"template":"","format":"standard","meta":{"fifu_image_url":"","fifu_image_alt":"","footnotes":""},"categories":[73,54],"tags":[],"class_list":["post-115380","post","type-post","status-publish","format-standard","hentry","category-actualite","category-maroc"],"_links":{"self":[{"href":"https:\/\/linitiative.ca\/International\/wp-json\/wp\/v2\/posts\/115380","targetHints":{"allow":["GET"]}}],"collection":[{"href":"https:\/\/linitiative.ca\/International\/wp-json\/wp\/v2\/posts"}],"about":[{"href":"https:\/\/linitiative.ca\/International\/wp-json\/wp\/v2\/types\/post"}],"author":[{"embeddable":true,"href":"https:\/\/linitiative.ca\/International\/wp-json\/wp\/v2\/users\/1760"}],"replies":[{"embeddable":true,"href":"https:\/\/linitiative.ca\/International\/wp-json\/wp\/v2\/comments?post=115380"}],"version-history":[{"count":0,"href":"https:\/\/linitiative.ca\/International\/wp-json\/wp\/v2\/posts\/115380\/revisions"}],"wp:attachment":[{"href":"https:\/\/linitiative.ca\/International\/wp-json\/wp\/v2\/media?parent=115380"}],"wp:term":[{"taxonomy":"category","embeddable":true,"href":"https:\/\/linitiative.ca\/International\/wp-json\/wp\/v2\/categories?post=115380"},{"taxonomy":"post_tag","embeddable":true,"href":"https:\/\/linitiative.ca\/International\/wp-json\/wp\/v2\/tags?post=115380"}],"curies":[{"name":"wp","href":"https:\/\/api.w.org\/{rel}","templated":true}]}}