{"id":115381,"date":"2021-04-21T14:00:43","date_gmt":"2021-04-21T18:00:43","guid":{"rendered":"https:\/\/linitiative.ca\/International\/%ef%bb%bfladaptation-comme-maitre-mot\/"},"modified":"2021-04-21T14:00:43","modified_gmt":"2021-04-21T18:00:43","slug":"%ef%bb%bfladaptation-comme-maitre-mot","status":"publish","type":"post","link":"https:\/\/linitiative.ca\/International\/%ef%bb%bfladaptation-comme-maitre-mot\/","title":{"rendered":"\ufeffL\u2019adaptation comme ma\u00eetre-mot"},"content":{"rendered":"<p class=\"has-text-color has-vivid-red-color c1\"><strong>Le Ramadan \u00e0 l\u2019heure du Covid<\/strong><\/p>\n<p class=\"c2\"><strong>Par Nadia El Rhzaoui- MAP<\/strong><\/p>\n<p><strong>Comme l\u2019ann\u00e9e derni\u00e8re, les rituels et accoutumances li\u00e9s au mois sacr\u00e9 de Ramadan sont mis \u00e0 mal et les traditions sociales et encro\u00fbtements restreints sur fond de coronavirus, l\u2019intrus invisible et ind\u00e9sirable.<\/strong><\/p>\n<p>Les Ramadans se suivent mais ne se ressemblent pas. Distanciation sociale oblige, les mosqu\u00e9es sont ferm\u00e9es pour les pri\u00e8res des Tarawih, les rassemblements et les repas collectifs prohib\u00e9s, et pas de cohue dans les rues ou de d\u00e9ambulations nocturnes.<\/p>\n<p>Face au difficile maintien du lien social, \u00e0 Casablanca, comme d\u2019ailleurs les autres villes, les je\u00fbneurs dont les rep\u00e8res ont \u00e9t\u00e9 d\u00e9r\u00e9gl\u00e9s doivent s\u2019adapter entre couvre-feu, restrictions et protocole sanitaires. Ils renoncent aux rituels qui doivent se plier aux mesures sanitaires visant \u00e0 endiguer la pand\u00e9mie et n\u2019ont d\u2019autre choix que de composer avec cette situation pour le bien de tous.<\/p>\n<p>Les pri\u00e8res sur\u00e9rogatoires \u00ab\u00a0Tarawih\u00a0\u00bb, devenues pour la majorit\u00e9 un rendez-vous spirituel incontournable sont suspendues et les d\u00e9placements nocturnes sont proscrits en vertu du couvre-feu d\u00e9cr\u00e9t\u00e9 \u00e0 l\u2019\u00e9chelle nationale de 20 heures \u00e0 6 heures pour prot\u00e9ger les citoyens des risques d\u2019une nouvelle vague. Une d\u00e9cision prudente, d\u2019autant plus qu\u2019un certain rel\u00e2chement et insouciance se fait ressortir parmi les gens.<\/p>\n<p>La nature impr\u00e9visible de la Covid-19 et le l\u00e9ger ralentissement relatif de la campagne nationale de vaccination sont parmi les raisons qui ont amen\u00e9 le gouvernement \u00e0 durcir les mesures restrictives durant le mois de Ramadan, avait fait valoir le Chef du gouvernement, Sa\u00e2d Dine El Otmani.<\/p>\n<p>La pratique du je\u00fbne en elle-m\u00eame n\u2019est pas affect\u00e9e directement par le contexte \u00e9pid\u00e9miologique actuel, c\u2019est surtout le volet social et l\u2019aspect convivial du mois sacr\u00e9 qui sont chamboul\u00e9s.<\/p>\n<p>\u00abCette ann\u00e9e encore, le mois sacr\u00e9 sera terne et insipide. Il faut se restreindre au cercle familial proche pour le repas de la rupture du je\u00fbne\u00bb, regrette Ahmed, un quinquag\u00e9naire, habitant \u00e0 Casablanca qui dissimule \u00e0 peine sa mauvaise humeur, notant qu\u2019 \u00ab outre l\u2019absence de pri\u00e8res sur\u00e9rogatoires, le couvre-feu nous accule \u00e0 rester chez soi \u00bb.<\/p>\n<p>\u00abD\u2019habitude apr\u00e8s la rupture du je\u00fbne, on sort pour faire un tour et se balader, et je suis vraiment d\u00e9\u00e7ue de ne pas pouvoir inviter nos proches et nos amis \u00bb, d\u00e9plore Rahma, une m\u00e8re de famille de 45 ans, en s\u2019affairant \u00e0 ses derniers achats avant la fermeture des commerces.<\/p>\n<p>\u00abLe coronavirus nous prive cette ann\u00e9e des charmes des veill\u00e9es ramadanesques et de l\u2019ambiance cacophonique des caf\u00e9s mais il faut r\u00e9organiser notre routine \u00bb, assure pour sa part, Amine, un enseignant \u00e0 Mohammedia contraint de passer seul le Ramadan loin de sa famille qui r\u00e9side dans une autre ville.<\/p>\n<p>\u00abIl faut prendre son mal en patience et la pi\u00e9t\u00e9 ne doit pas empi\u00e9ter sur la sant\u00e9. Nous devons sacrifier les rites et les habitudes pour l\u2019int\u00e9r\u00eat g\u00e9n\u00e9ral\u00bb, car la pr\u00e9servation de la vie d\u2019autrui prime sur toute autre chose, a-t-il n\u00e9anmoins soutenu.<\/p>\n<p>Ce mois sacr\u00e9, a-t-il dit, ne doit pas \u00eatre seulement consacr\u00e9 \u00e0 la goinfrerie. Il faut rompre avec l\u2019individualisme, devenu une seconde nature et faire en sorte que l\u2019esprit de Ramadan, celui de partage perdure. C\u2019est l\u2019occasion d\u2019op\u00e9rer une m\u00e9tamorphose de notre \u00eatre profond \u00e0 travers la m\u00e9ditation et l\u2019introspection, le partage et r\u00e9quisitionner le sens des choses, a-t-il ajout\u00e9.<\/p>\n<p>De l\u2019avis d\u2019un sociologue, le couvre-feu nocturne a un impact psychologique significatif sur certaines personnes qui ont du mal \u00e0 surmonter cette \u00e9preuve et \u00e0 s\u2019y accommoder.<\/p>\n<p>Il a cependant fait remarquer que cette situation a renforc\u00e9 la capacit\u00e9 d\u2019adaptation chez d\u2019autres et leur a offert l\u2019opportunit\u00e9 de revoir leur mode de vie, se recentrer sur l\u2019essentiel et repenser les relations sociales.<\/p>\n<p>Si le mois sacr\u00e9 est quelque peu terni par le confinement nocturne et si les rituels sont v\u00e9cus de mani\u00e8re disparate, il est une autre valeur de nouveau \u00e0 l\u2019honneur : la solidarit\u00e9. Le Ramadan \u00e9tant une p\u00e9riode de d\u00e9votion, de ferveur, de charit\u00e9 et de solidarit\u00e9, les valeurs de solidarit\u00e9 et d\u2019entraide sont particuli\u00e8rement mises de l\u2019avant.<\/p>\n<p>Dans le cadre de la 22\u00e8me \u00e9dition de l\u2019Op\u00e9ration de distribution alimentaire \u00ab\u00a0Ramadan 1442\u00a0\u00bb, la Fondation Mohammed V pour la Solidarit\u00e9 s\u2019est mobilis\u00e9e pour la mise en \u0153uvre et le lancement du soutien alimentaire pour apporter du r\u00e9confort aux cat\u00e9gories sociales les plus vuln\u00e9rables.<\/p>\n<p>Afin que l\u2019aide aux plus d\u00e9munis ne soit pas trop affect\u00e9e par les mesures de restriction, les associations s\u2019adaptent aussi et s\u2019organisent diff\u00e9remment. En l\u2019absence de \u00ab\u00a0Mawaid Rahmane\u00a0\u00bb, ces buffets de solidarit\u00e9 offerts aux d\u00e9munis \u00e0 l\u2019heure de la rupture du je\u00fbne, tout au long du mois de Ramadan, des actions solidaires sont initi\u00e9es pour soulager les familles modestes.<\/p>\n<p>La solidarit\u00e9 \u00e9tant le maitre mot en cette p\u00e9riode, des associations, des jeunes sur des r\u00e9seaux sociaux ou des b\u00e9n\u00e9voles s\u2019engagent pour accompagner au quotidien ceux dans le besoin et leur permettre de gouter \u00e0 la joie du mois de Ramadan.<\/p>\n<p>Auteur: M&rsquo;hammed rahal<br \/>\n<a href=\"http:\/\/albayane.press.ma\/%EF%BB%BFladaptation-comme-maitre-mot.html\">Cliquez ici pour lire l&rsquo;article depuis sa source.<\/a><\/p>\n","protected":false},"excerpt":{"rendered":"<p>Le Ramadan \u00e0 l\u2019heure du Covid Par Nadia El Rhzaoui- MAP Comme l\u2019ann\u00e9e derni\u00e8re, les rituels et accoutumances li\u00e9s au mois sacr\u00e9 de Ramadan sont mis \u00e0 mal et les traditions sociales et encro\u00fbtements restreints sur fond de coronavirus, l\u2019intrus invisible et ind\u00e9sirable. Les Ramadans se suivent mais ne se ressemblent pas. Distanciation sociale oblige, [&hellip;]<\/p>\n","protected":false},"author":1760,"featured_media":0,"comment_status":"closed","ping_status":"closed","sticky":false,"template":"","format":"standard","meta":{"fifu_image_url":"","fifu_image_alt":"","footnotes":""},"categories":[73,54],"tags":[],"class_list":["post-115381","post","type-post","status-publish","format-standard","hentry","category-actualite","category-maroc"],"_links":{"self":[{"href":"https:\/\/linitiative.ca\/International\/wp-json\/wp\/v2\/posts\/115381","targetHints":{"allow":["GET"]}}],"collection":[{"href":"https:\/\/linitiative.ca\/International\/wp-json\/wp\/v2\/posts"}],"about":[{"href":"https:\/\/linitiative.ca\/International\/wp-json\/wp\/v2\/types\/post"}],"author":[{"embeddable":true,"href":"https:\/\/linitiative.ca\/International\/wp-json\/wp\/v2\/users\/1760"}],"replies":[{"embeddable":true,"href":"https:\/\/linitiative.ca\/International\/wp-json\/wp\/v2\/comments?post=115381"}],"version-history":[{"count":0,"href":"https:\/\/linitiative.ca\/International\/wp-json\/wp\/v2\/posts\/115381\/revisions"}],"wp:attachment":[{"href":"https:\/\/linitiative.ca\/International\/wp-json\/wp\/v2\/media?parent=115381"}],"wp:term":[{"taxonomy":"category","embeddable":true,"href":"https:\/\/linitiative.ca\/International\/wp-json\/wp\/v2\/categories?post=115381"},{"taxonomy":"post_tag","embeddable":true,"href":"https:\/\/linitiative.ca\/International\/wp-json\/wp\/v2\/tags?post=115381"}],"curies":[{"name":"wp","href":"https:\/\/api.w.org\/{rel}","templated":true}]}}