{"id":115382,"date":"2021-04-21T14:00:44","date_gmt":"2021-04-21T18:00:44","guid":{"rendered":"https:\/\/linitiative.ca\/International\/%ef%bb%bfla-federation-tient-ses-assemblees-generales-ordinaire-et-extraordinaire\/"},"modified":"2021-04-21T14:00:44","modified_gmt":"2021-04-21T18:00:44","slug":"%ef%bb%bfla-federation-tient-ses-assemblees-generales-ordinaire-et-extraordinaire","status":"publish","type":"post","link":"https:\/\/linitiative.ca\/International\/%ef%bb%bfla-federation-tient-ses-assemblees-generales-ordinaire-et-extraordinaire\/","title":{"rendered":"\ufeffLa F\u00e9d\u00e9ration tient ses assembl\u00e9es g\u00e9n\u00e9rales ordinaire et extraordinaire"},"content":{"rendered":"<p class=\"has-text-color has-vivid-red-color c1\"><strong>Sambo et tai jitsu marocains<\/strong><\/p>\n<p><strong>La F\u00e9d\u00e9ration Royale Marocaine de Sambo et Tai Jitsu a tenu en date du 11 avril 2021 au Complexe Sportif Mohammed V \u00e0 Casablanca deux assembl\u00e9es g\u00e9n\u00e9rales : la premi\u00e8re extraordinaire et la deuxi\u00e8me ordinaire.<\/strong><\/p>\n<p>Ces assembl\u00e9es de la FRMSTJ ont eu lieu en pr\u00e9sence des repr\u00e9sentants du Minist\u00e8re de la Culture, de la Jeunesse et des Sports, du Comit\u00e9 National Olympique Marocain, des repr\u00e9sentants des autorit\u00e9s locales ainsi que les pr\u00e9sidents des ligues et d\u2019un nombre restreint de repr\u00e9sentants des clubs en raison des mesures restrictives d\u00e9cid\u00e9es par les autorit\u00e9s publiques, en cette p\u00e9riode de confinement pour cause de Covid-19. Ce qui a fait que le reste des repr\u00e9sentants des clubs a suivi les travaux des deux assembl\u00e9es via la technologie de vid\u00e9oconf\u00e9rence.<\/p>\n<p>\u00a0Les travaux de l\u2019Assembl\u00e9e g\u00e9n\u00e9rale extraordinaire ont port\u00e9 principalement sur la pr\u00e9sentation des statuts de la f\u00e9d\u00e9ration qui ont \u00e9t\u00e9 adopt\u00e9s par 71 voix contre 4.<\/p>\n<p>Les travaux de l\u2019Assembl\u00e9e g\u00e9n\u00e9rale ordinaire ont port\u00e9 sur plusieurs points, dont, entre autres, l\u2019approbation des rapports moral et financier ainsi que les pr\u00e9visions budg\u00e9taires et le calendrier national annuel de la saison sportive 2020-2021.<\/p>\n<p>N\u2019ayant fait l\u2019objet d\u2019aucune objection les rapports pr\u00e9sent\u00e9s ont \u00e9t\u00e9 approuv\u00e9s \u00e0 l\u2019unanimit\u00e9.<\/p>\n<p>L\u2019Assembl\u00e9e g\u00e9n\u00e9rale ordinaire a approuv\u00e9 \u00e9galement \u00e0 l\u2019unanimit\u00e9 la nomination des membres des Commissions de Discipline et d\u2019Appel.<\/p>\n<p>A l\u2019issue des travaux de ces deux assembl\u00e9es, lecture de la lettre d\u2019all\u00e9geance \u00e0 SM le Roi, que Dieu l\u2019assiste, a \u00e9t\u00e9 faite par le Secr\u00e9taire g\u00e9n\u00e9ral de la F\u00e9d\u00e9ration.<\/p>\n<p>Auteur: M&rsquo;hammed rahal<br \/>\n<a href=\"http:\/\/albayane.press.ma\/%EF%BB%BFla-federation-tient-ses-assemblees-generales-ordinaire-et-extraordinaire.html\">Cliquez ici pour lire l&rsquo;article depuis sa source.<\/a><\/p>\n","protected":false},"excerpt":{"rendered":"<p>Sambo et tai jitsu marocains La F\u00e9d\u00e9ration Royale Marocaine de Sambo et Tai Jitsu a tenu en date du 11 avril 2021 au Complexe Sportif Mohammed V \u00e0 Casablanca deux assembl\u00e9es g\u00e9n\u00e9rales : la premi\u00e8re extraordinaire et la deuxi\u00e8me ordinaire. Ces assembl\u00e9es de la FRMSTJ ont eu lieu en pr\u00e9sence des repr\u00e9sentants du Minist\u00e8re de [&hellip;]<\/p>\n","protected":false},"author":1760,"featured_media":0,"comment_status":"closed","ping_status":"closed","sticky":false,"template":"","format":"standard","meta":{"fifu_image_url":"","fifu_image_alt":"","footnotes":""},"categories":[73,54],"tags":[],"class_list":["post-115382","post","type-post","status-publish","format-standard","hentry","category-actualite","category-maroc"],"_links":{"self":[{"href":"https:\/\/linitiative.ca\/International\/wp-json\/wp\/v2\/posts\/115382","targetHints":{"allow":["GET"]}}],"collection":[{"href":"https:\/\/linitiative.ca\/International\/wp-json\/wp\/v2\/posts"}],"about":[{"href":"https:\/\/linitiative.ca\/International\/wp-json\/wp\/v2\/types\/post"}],"author":[{"embeddable":true,"href":"https:\/\/linitiative.ca\/International\/wp-json\/wp\/v2\/users\/1760"}],"replies":[{"embeddable":true,"href":"https:\/\/linitiative.ca\/International\/wp-json\/wp\/v2\/comments?post=115382"}],"version-history":[{"count":0,"href":"https:\/\/linitiative.ca\/International\/wp-json\/wp\/v2\/posts\/115382\/revisions"}],"wp:attachment":[{"href":"https:\/\/linitiative.ca\/International\/wp-json\/wp\/v2\/media?parent=115382"}],"wp:term":[{"taxonomy":"category","embeddable":true,"href":"https:\/\/linitiative.ca\/International\/wp-json\/wp\/v2\/categories?post=115382"},{"taxonomy":"post_tag","embeddable":true,"href":"https:\/\/linitiative.ca\/International\/wp-json\/wp\/v2\/tags?post=115382"}],"curies":[{"name":"wp","href":"https:\/\/api.w.org\/{rel}","templated":true}]}}