{"id":115384,"date":"2021-04-21T14:00:56","date_gmt":"2021-04-21T18:00:56","guid":{"rendered":"https:\/\/linitiative.ca\/International\/%ef%bb%bfle-gouvernement-et-le-chef-de-larmee-du-liban-expriment-leur-gratitude-a-sm-le-roi\/"},"modified":"2021-04-21T14:00:56","modified_gmt":"2021-04-21T18:00:56","slug":"%ef%bb%bfle-gouvernement-et-le-chef-de-larmee-du-liban-expriment-leur-gratitude-a-sm-le-roi","status":"publish","type":"post","link":"https:\/\/linitiative.ca\/International\/%ef%bb%bfle-gouvernement-et-le-chef-de-larmee-du-liban-expriment-leur-gratitude-a-sm-le-roi\/","title":{"rendered":"\ufeffLe gouvernement et le chef de l\u2019arm\u00e9e du Liban expriment leur gratitude \u00e0 SM le Roi"},"content":{"rendered":"<p class=\"has-text-color has-vivid-red-color c1\"><strong>Arriv\u00e9e \u00e0 Beyrouth du dernier lot des aides alimentaires destin\u00e9es aux forces arm\u00e9es et au peuple libanais<\/strong><\/p>\n<p><strong>Le dernier lot des aides alimentaires achemin\u00e9es, sur Hautes instructions de SM le Roi Mohammed VI, Chef supr\u00eame et Chef d\u2019Etat-Major g\u00e9n\u00e9ral des Forces arm\u00e9es royales (FAR), aux forces arm\u00e9es et au peuple libanais, est arriv\u00e9 mardi matin \u00e0 bord de deux avions militaires marocains \u00e0 l\u2019a\u00e9roport international Rafic Hariri de Beyrouth.<\/strong><\/p>\n<p>Cette initiative royale a suscit\u00e9 la reconnaissance et la gratitude de diff\u00e9rents acteurs libanais, officiels et populaires, qui ont exprim\u00e9 leurs remerciements \u00e0 Sa Majest\u00e9 le Roi pour ce geste qui refl\u00e8te un noble sens humain.<\/p>\n<p>\u00ab\u00a0Cette op\u00e9ration s\u2019est d\u00e9roul\u00e9e dans de bonnes conditions\u00a0\u00bb, a soulign\u00e9 l\u2019ambassadeur du Maroc au Liban, M\u2019hammed Grine, dans une d\u00e9claration \u00e0 la MAP, indiquant que cette initiative royale a permis d\u2019acheminer, en quatre jours, 90 tonnes de produits alimentaires de base \u00e0 bord de huit avions militaires.<\/p>\n<p>De nombreuses personnalit\u00e9s libanaises ont appr\u00e9ci\u00e9 et salu\u00e9 ce g\u00e9n\u00e9reux don royal, dont des fonctionnaires, des \u00e9lus, des personnalit\u00e9s m\u00e9diatiques et des intellectuels, entre autre, a d\u00e9clar\u00e9 le diplomate marocain.<\/p>\n<p>De son c\u00f4t\u00e9, Elie Ferzli, vice-pr\u00e9sident du Parlement libanais, a salu\u00e9 ce g\u00e9n\u00e9reux don royal destin\u00e9 \u00e0 l\u2019arm\u00e9e et au peuple libanais, qualifiant les avions qui ont transport\u00e9 les aides \u00e0 Beyrouth comme des \u00ab\u00a0avions d\u2019amour et de solidarit\u00e9\u00a0\u00bb.<\/p>\n<p>Plusieurs m\u00e9dias locaux se sont arr\u00eat\u00e9s sur cette noble initiative royale qui refl\u00e8te la profondeur et la solidit\u00e9 des relations unissant les deux pays et les deux peuples.<\/p>\n<p>Pour sa part, le ministre libanais des Affaires \u00e9trang\u00e8res et des expatri\u00e9s, Charbel Wahba, a exprim\u00e9, au nom du gouvernement libanais, \u00ab\u00a0ses vifs remerciements et sa profonde gratitude \u00e0 Sa Majest\u00e9 le Roi Mohammed VI\u00a0\u00bb pour le g\u00e9n\u00e9reux don royal que le Souverain a bien voulu faire aux forces arm\u00e9es et au peuple libanais.<\/p>\n<p>Ce don royal \u00ab\u00a0est venu comme un baume sur la blessure du Liban\u00a0\u00bb, a indiqu\u00e9 lundi M. Wahba lors d\u2019une rencontre avec l\u2019ambassadeur du Maroc \u00e0 Beyrouth, M. M\u2019hammed Grine.<\/p>\n<p>Il a \u00e9galement mis en exergue le soutient constant et la sollicitude dont Sa Majest\u00e9 le Roi entoure le Liban, rappelant \u00e0 cet \u00e9gard l\u2019aide humanitaire importante que son pays a re\u00e7ue du Maroc \u00e0 la suite de l\u2019explosion du port de Beyrouth en ao\u00fbt dernier.<\/p>\n<p>Le ministre a \u00e9galement salu\u00e9 le d\u00e9ploiement, sous Hautes instructions de Sa Majest\u00e9 le Roi Mohammed VI, de l\u2019h\u00f4pital militaire de campagne au centre de Beyrouth, qui \u00ab\u00a0a fourni ses services m\u00e9dicaux aux bless\u00e9s et \u00e0 tous les habitants de la capitale\u00a0\u00bb.<\/p>\n<p>D\u2019autre part, le Commandant en chef de l\u2019arm\u00e9e libanaise, le G\u00e9n\u00e9ral Joseph Aoun a exprim\u00e9 ses remerciements et sa gratitude \u00e0 SM le Roi Mohammed VI pour les aides alimentaires que le Souverain a bien voulu faire don aux forces arm\u00e9es et au peuple libanais.<\/p>\n<p>\u00ab\u00a0J\u2019exprime ma profonde gratitude et mes vifs remerciements \u00e0 SM le Roi Mohammed VI, que Dieu Le pr\u00e9serve, pour ce don royal de grande valeur et qui intervient au moment opportun\u00a0\u00bb, a soulign\u00e9 le chef de l\u2019arm\u00e9e libanaise, lors d\u2019une entrevue lundi avec l\u2019ambassadeur du Maroc au Liban, M\u2019hammed Grine, notant qu\u2019il s\u2019agit des premi\u00e8res aides humanitaires arriv\u00e9es au Liban.<\/p>\n<p>Ces entretiens se sont d\u00e9roul\u00e9s en pr\u00e9sence du Colonel Khalid Mehlil des forces arm\u00e9es royales.<\/p>\n<p>Au total, 90 tonnes de produits alimentaires de base ont \u00e9t\u00e9 achemin\u00e9es \u00e0 Beyrouth de mani\u00e8re fluide \u00e0 bord de huit avions militaires dans le cadre d\u2019un pont a\u00e9rien de quatre (4) jours.<\/p>\n<p>Auteur: M&rsquo;hammed rahal<br \/>\n<a href=\"http:\/\/albayane.press.ma\/%EF%BB%BFle-gouvernement-et-le-chef-de-larmee-du-liban-expriment-leur-gratitude-a-sm-le-roi.html\">Cliquez ici pour lire l&rsquo;article depuis sa source.<\/a><\/p>\n","protected":false},"excerpt":{"rendered":"<p>Arriv\u00e9e \u00e0 Beyrouth du dernier lot des aides alimentaires destin\u00e9es aux forces arm\u00e9es et au peuple libanais Le dernier lot des aides alimentaires achemin\u00e9es, sur Hautes instructions de SM le Roi Mohammed VI, Chef supr\u00eame et Chef d\u2019Etat-Major g\u00e9n\u00e9ral des Forces arm\u00e9es royales (FAR), aux forces arm\u00e9es et au peuple libanais, est arriv\u00e9 mardi matin [&hellip;]<\/p>\n","protected":false},"author":1760,"featured_media":0,"comment_status":"closed","ping_status":"closed","sticky":false,"template":"","format":"standard","meta":{"fifu_image_url":"","fifu_image_alt":"","footnotes":""},"categories":[73,54],"tags":[],"class_list":["post-115384","post","type-post","status-publish","format-standard","hentry","category-actualite","category-maroc"],"_links":{"self":[{"href":"https:\/\/linitiative.ca\/International\/wp-json\/wp\/v2\/posts\/115384","targetHints":{"allow":["GET"]}}],"collection":[{"href":"https:\/\/linitiative.ca\/International\/wp-json\/wp\/v2\/posts"}],"about":[{"href":"https:\/\/linitiative.ca\/International\/wp-json\/wp\/v2\/types\/post"}],"author":[{"embeddable":true,"href":"https:\/\/linitiative.ca\/International\/wp-json\/wp\/v2\/users\/1760"}],"replies":[{"embeddable":true,"href":"https:\/\/linitiative.ca\/International\/wp-json\/wp\/v2\/comments?post=115384"}],"version-history":[{"count":0,"href":"https:\/\/linitiative.ca\/International\/wp-json\/wp\/v2\/posts\/115384\/revisions"}],"wp:attachment":[{"href":"https:\/\/linitiative.ca\/International\/wp-json\/wp\/v2\/media?parent=115384"}],"wp:term":[{"taxonomy":"category","embeddable":true,"href":"https:\/\/linitiative.ca\/International\/wp-json\/wp\/v2\/categories?post=115384"},{"taxonomy":"post_tag","embeddable":true,"href":"https:\/\/linitiative.ca\/International\/wp-json\/wp\/v2\/tags?post=115384"}],"curies":[{"name":"wp","href":"https:\/\/api.w.org\/{rel}","templated":true}]}}