{"id":115388,"date":"2021-04-22T05:30:00","date_gmt":"2021-04-22T09:30:00","guid":{"rendered":"https:\/\/linitiative.ca\/International\/arama-de-retour-neghiz-contacte\/"},"modified":"2021-04-22T05:30:00","modified_gmt":"2021-04-22T09:30:00","slug":"arama-de-retour-neghiz-contacte","status":"publish","type":"post","link":"https:\/\/linitiative.ca\/International\/arama-de-retour-neghiz-contacte\/","title":{"rendered":"ARAMA DE RETOUR, NEGHIZ CONTACT\u00c9"},"content":{"rendered":"<div id=\"originalText\" readability=\"52\">\n<p>L\u2019entra\u00eeneur des Sanafirs Hamdi \u00e0 tenu \u00e0 \u00e9clairer, \u00e0 travers un communiqu\u00e9, l\u2019opinion publique et les supporters du club sur les dernier \u00e9v\u00e9nements qui ont secou\u00e9 le club.<\/p>\n<p>\u201cBeaucoup de choses m\u00e9chantes et fausses ont \u00e9t\u00e9 dites \u00e0 mon encontre qui avaient pour but de me salir. J&rsquo;ai effectivement d\u00e9pos\u00e9 ma d\u00e9mission en solidarit\u00e9 avec Bezzaz mais j\u2019ai continu\u00e9 \u00e0 assurer mon travail en tant que professionnel, et je n\u2019ai jamais fait de chantage et demand\u00e9 une augmentation de salaire.<\/p>\n<p>Un groupe de supporters est venu \u00e0 Magra sp\u00e9cialement pour m\u2019insulter ainsi que mon staff de m\u00eame que les joueurs et je n\u2019ai jamais eu l\u2019intention de d\u00e9missionner de mon poste car je voulais continuer mon projet sportif\u201d, dit-il.\u00a0<\/p>\n<p>La direction du CSC, pour sa part, a d\u00e9cid\u00e9 d\u2019accepter la d\u00e9mission envoy\u00e9e par Hamdi le 15 avril. Les propri\u00e9taires ont \u00e9galement d\u00e9cid\u00e9 de rappeler Arama au poste de manager g\u00e9n\u00e9ral et contact\u00e9 officiellement l\u2019entra\u00eeneur Nabil\u00a0 \u00a0Neghiz.\u00a0<br \/>\u00a0<\/p>\n<p class=\"c6\"><strong>Adlene R.<\/strong><\/p>\n<\/div>\n<div id=\"text_core\" readability=\"52\">\n<p>L\u2019entra\u00eeneur des Sanafirs Hamdi \u00e0 tenu \u00e0 \u00e9clairer, \u00e0 travers un communiqu\u00e9, l\u2019opinion publique et les supporters du club sur les dernier \u00e9v\u00e9nements qui ont secou\u00e9 le club.<\/p>\n<p>\u201cBeaucoup de choses m\u00e9chantes et fausses ont \u00e9t\u00e9 dites \u00e0 mon encontre qui avaient pour but de me salir. J&rsquo;ai effectivement d\u00e9pos\u00e9 ma d\u00e9mission en solidarit\u00e9 avec Bezzaz mais j\u2019ai continu\u00e9 \u00e0 assurer mon travail en tant que professionnel, et je n\u2019ai jamais fait de chantage et demand\u00e9 une augmentation de salaire.<\/p>\n<p>Un groupe de supporters est venu \u00e0 Magra sp\u00e9cialement pour m\u2019insulter ainsi que mon staff de m\u00eame que les joueurs et je n\u2019ai jamais eu l\u2019intention de d\u00e9missionner de mon poste car je voulais continuer mon projet sportif\u201d, dit-il.\u00a0<\/p>\n<p>La direction du CSC, pour sa part, a d\u00e9cid\u00e9 d\u2019accepter la d\u00e9mission envoy\u00e9e par Hamdi le 15 avril. Les propri\u00e9taires ont \u00e9galement d\u00e9cid\u00e9 de rappeler Arama au poste de manager g\u00e9n\u00e9ral et contact\u00e9 officiellement l\u2019entra\u00eeneur Nabil\u00a0 \u00a0Neghiz.\u00a0<br \/>\u00a0<\/p>\n<p class=\"c6\"><strong>Adlene R.<\/strong><\/p>\n<\/div>\n<p>Auteur:<br \/>\n<a href=\"https:\/\/www.liberte-algerie.com\/sports\/arama-de-retour-neghiz-contacte-357633\">Cliquez ici pour lire l&rsquo;article depuis sa source.<\/a><\/p>\n","protected":false},"excerpt":{"rendered":"<p>L\u2019entra\u00eeneur des Sanafirs Hamdi \u00e0 tenu \u00e0 \u00e9clairer, \u00e0 travers un communiqu\u00e9, l\u2019opinion publique et les supporters du club sur les dernier \u00e9v\u00e9nements qui ont secou\u00e9 le club. \u201cBeaucoup de choses m\u00e9chantes et fausses ont \u00e9t\u00e9 dites \u00e0 mon encontre qui avaient pour but de me salir. J&rsquo;ai effectivement d\u00e9pos\u00e9 ma d\u00e9mission en solidarit\u00e9 avec [&hellip;]<\/p>\n","protected":false},"author":1742,"featured_media":0,"comment_status":"closed","ping_status":"closed","sticky":false,"template":"","format":"standard","meta":{"fifu_image_url":"","fifu_image_alt":"","footnotes":""},"categories":[73,53],"tags":[],"class_list":["post-115388","post","type-post","status-publish","format-standard","hentry","category-actualite","category-algerie"],"_links":{"self":[{"href":"https:\/\/linitiative.ca\/International\/wp-json\/wp\/v2\/posts\/115388","targetHints":{"allow":["GET"]}}],"collection":[{"href":"https:\/\/linitiative.ca\/International\/wp-json\/wp\/v2\/posts"}],"about":[{"href":"https:\/\/linitiative.ca\/International\/wp-json\/wp\/v2\/types\/post"}],"author":[{"embeddable":true,"href":"https:\/\/linitiative.ca\/International\/wp-json\/wp\/v2\/users\/1742"}],"replies":[{"embeddable":true,"href":"https:\/\/linitiative.ca\/International\/wp-json\/wp\/v2\/comments?post=115388"}],"version-history":[{"count":0,"href":"https:\/\/linitiative.ca\/International\/wp-json\/wp\/v2\/posts\/115388\/revisions"}],"wp:attachment":[{"href":"https:\/\/linitiative.ca\/International\/wp-json\/wp\/v2\/media?parent=115388"}],"wp:term":[{"taxonomy":"category","embeddable":true,"href":"https:\/\/linitiative.ca\/International\/wp-json\/wp\/v2\/categories?post=115388"},{"taxonomy":"post_tag","embeddable":true,"href":"https:\/\/linitiative.ca\/International\/wp-json\/wp\/v2\/tags?post=115388"}],"curies":[{"name":"wp","href":"https:\/\/api.w.org\/{rel}","templated":true}]}}