{"id":115390,"date":"2021-04-22T12:17:00","date_gmt":"2021-04-22T16:17:00","guid":{"rendered":"https:\/\/linitiative.ca\/International\/le-confinement-partiel-passe-de-minuit-a-04h-du-matin\/"},"modified":"2021-04-22T12:17:00","modified_gmt":"2021-04-22T16:17:00","slug":"le-confinement-partiel-passe-de-minuit-a-04h-du-matin","status":"publish","type":"post","link":"https:\/\/linitiative.ca\/International\/le-confinement-partiel-passe-de-minuit-a-04h-du-matin\/","title":{"rendered":"Le confinement partiel passe de minuit \u00e0 04h du matin"},"content":{"rendered":"<div id=\"originalText\" readability=\"55\">\n<p>Les horaires de confinement partiel \u00e0 domicile passeront de minuit jusqu\u2019au lendemain \u00e0 04h du matin, \u00e0 partir de demain vendredi dans neuf wilayas, \u00e0 savoir Batna, Biskra, Blida, Tebessa, Tizi-Ouzou, Alger, Jijel, Sidi Bel Abbes et Oran, ont annonc\u00e9, ce jeudi, les services du Premier minist\u00e8re.<\/p>\n<p>Le d\u00e9partement d\u2019Abdelaziz Djerad rappelle, cependant, que \u00ab\u00a0les citoyens sont invit\u00e9s \u00e0 continuer \u00e0 observer scrupuleusement les mesures barri\u00e8res pr\u00e9conis\u00e9es, telles que la distanciation physique, le port du masque obligatoire et le lavage fr\u00e9quent des mains\u00a0\u00bb.<\/p>\n<p class=\"c6\"><strong>R\u00e9daction Web\u00a0<\/strong><\/p>\n<\/div>\n<div id=\"text_core\" readability=\"55\">\n<p>Les horaires de confinement partiel \u00e0 domicile passeront de minuit jusqu\u2019au lendemain \u00e0 04h du matin, \u00e0 partir de demain vendredi dans neuf wilayas, \u00e0 savoir Batna, Biskra, Blida, Tebessa, Tizi-Ouzou, Alger, Jijel, Sidi Bel Abbes et Oran, ont annonc\u00e9, ce jeudi, les services du Premier minist\u00e8re.<\/p>\n<p>Le d\u00e9partement d\u2019Abdelaziz Djerad rappelle, cependant, que \u00ab\u00a0les citoyens sont invit\u00e9s \u00e0 continuer \u00e0 observer scrupuleusement les mesures barri\u00e8res pr\u00e9conis\u00e9es, telles que la distanciation physique, le port du masque obligatoire et le lavage fr\u00e9quent des mains\u00a0\u00bb.<\/p>\n<p class=\"c6\"><strong>R\u00e9daction Web\u00a0<\/strong><\/p>\n<\/div>\n<p>Auteur:<br \/>\n<a href=\"https:\/\/www.liberte-algerie.com\/actualite\/le-confinement-partiel-passe-de-minuit-a-04h-du-matin-357667\">Cliquez ici pour lire l&rsquo;article depuis sa source.<\/a><\/p>\n","protected":false},"excerpt":{"rendered":"<p>Les horaires de confinement partiel \u00e0 domicile passeront de minuit jusqu\u2019au lendemain \u00e0 04h du matin, \u00e0 partir de demain vendredi dans neuf wilayas, \u00e0 savoir Batna, Biskra, Blida, Tebessa, Tizi-Ouzou, Alger, Jijel, Sidi Bel Abbes et Oran, ont annonc\u00e9, ce jeudi, les services du Premier minist\u00e8re. Le d\u00e9partement d\u2019Abdelaziz Djerad rappelle, cependant, que \u00ab\u00a0les [&hellip;]<\/p>\n","protected":false},"author":1742,"featured_media":0,"comment_status":"closed","ping_status":"closed","sticky":false,"template":"","format":"standard","meta":{"fifu_image_url":"","fifu_image_alt":"","footnotes":""},"categories":[73,53],"tags":[],"class_list":["post-115390","post","type-post","status-publish","format-standard","hentry","category-actualite","category-algerie"],"_links":{"self":[{"href":"https:\/\/linitiative.ca\/International\/wp-json\/wp\/v2\/posts\/115390","targetHints":{"allow":["GET"]}}],"collection":[{"href":"https:\/\/linitiative.ca\/International\/wp-json\/wp\/v2\/posts"}],"about":[{"href":"https:\/\/linitiative.ca\/International\/wp-json\/wp\/v2\/types\/post"}],"author":[{"embeddable":true,"href":"https:\/\/linitiative.ca\/International\/wp-json\/wp\/v2\/users\/1742"}],"replies":[{"embeddable":true,"href":"https:\/\/linitiative.ca\/International\/wp-json\/wp\/v2\/comments?post=115390"}],"version-history":[{"count":0,"href":"https:\/\/linitiative.ca\/International\/wp-json\/wp\/v2\/posts\/115390\/revisions"}],"wp:attachment":[{"href":"https:\/\/linitiative.ca\/International\/wp-json\/wp\/v2\/media?parent=115390"}],"wp:term":[{"taxonomy":"category","embeddable":true,"href":"https:\/\/linitiative.ca\/International\/wp-json\/wp\/v2\/categories?post=115390"},{"taxonomy":"post_tag","embeddable":true,"href":"https:\/\/linitiative.ca\/International\/wp-json\/wp\/v2\/tags?post=115390"}],"curies":[{"name":"wp","href":"https:\/\/api.w.org\/{rel}","templated":true}]}}