{"id":115391,"date":"2021-04-22T12:10:57","date_gmt":"2021-04-22T16:10:57","guid":{"rendered":"https:\/\/linitiative.ca\/International\/ramadan-1442-8-850-familles-beneficiaires\/"},"modified":"2021-04-22T12:10:57","modified_gmt":"2021-04-22T16:10:57","slug":"ramadan-1442-8-850-familles-beneficiaires","status":"publish","type":"post","link":"https:\/\/linitiative.ca\/International\/ramadan-1442-8-850-familles-beneficiaires\/","title":{"rendered":"\u00ab\u00a0Ramadan 1442\u00a0\u00bb: 8.850 familles b\u00e9n\u00e9ficiaires"},"content":{"rendered":"<div readability=\"33\">\n<p>Essaouira \u2013 Le nombre des familles b\u00e9n\u00e9ficiaires de l\u2019Op\u00e9ration de distribution alimentaire \u00ab\u00a0Ramadan 1442\u00a0\u00bb au niveau de la province d\u2019Essaouira s\u2019\u00e9l\u00e8ve \u00e0 8.850 m\u00e9nages.<\/p>\n<\/div>\n<div readability=\"67\">\n<p>Initi\u00e9e par la Fondation Mohammed V pour la Solidarit\u00e9, cette op\u00e9ration a profit\u00e9 \u00e0 1.265 familles issues du milieu urbain et \u00e0 7.585 familles dans le monde rural au niveau de la province.<\/p>\n<p>Les m\u00e9nages b\u00e9n\u00e9ficiaires en milieu urbain sont r\u00e9partis entre la commune urbaine d\u2019Essaouira (746 familles) et les Pachaliks d\u2019Ait Daoud (114), d\u2019El Hanchane (115), de Talmest (145) et de Tamanar (145).<\/p>\n<p>Dans le monde rural, les familles b\u00e9n\u00e9ficiaires sont ventil\u00e9es entre les diff\u00e9rents ca\u00efdats relevant des Cercles d\u2019Essaouira (1.475 m\u00e9nages), d\u2019El Hanchane (1.725), de Tamanar (2.165) et d\u2019A\u00eft Daoud (2.220).<\/p>\n<p>Cette aide se propose de combler les besoins alimentaires des m\u00e9nages, notamment ceux les plus consomm\u00e9s durant la p\u00e9riode du mois sacr\u00e9 du Ramadan.<\/p>\n<p>Les op\u00e9rations de remise des kits alimentaires aux b\u00e9n\u00e9ficiaires se sont d\u00e9roul\u00e9es dans le respect le plus strict des mesures pr\u00e9ventives visant \u00e0 endiguer la propagation de la pand\u00e9mie de la Covid-19, notamment la d\u00e9sinfection des paniers alimentaires et l\u2019acheminement de ces aides vers les domiciles des b\u00e9n\u00e9ficiaires, afin d\u2019\u00e9viter tout risque de rassemblement.<\/p>\n<p>Sa Majest\u00e9 le Roi Mohammed VI a donn\u00e9 Ses Hautes Instructions pour le lancement de la 22\u00e8me \u00e9dition de l\u2019Op\u00e9ration de distribution alimentaire \u00ab\u00a0Ramadan 1442\u00a0\u00bb, qui profitera \u00e0 trois millions de personnes (600.000 foyers au niveau national, dont 459.504 issus des zones rurales).<\/p>\n<p>L\u2019op\u00e9ration est organis\u00e9e avec le concours financier du minist\u00e8re de l\u2019Int\u00e9rieur (Direction G\u00e9n\u00e9rale des Collectivit\u00e9s Locales) et du minist\u00e8re des Habous et des Affaires islamiques.<\/p>\n<\/div>\n<p>Auteur: Meriem IGASS<br \/>\n<a href=\"http:\/\/www.mapmarrakech.ma\/fr\/ramadan-1442-8-850-familles-beneficiaires\/\">Cliquez ici pour lire l&rsquo;article depuis sa source.<\/a><\/p>\n","protected":false},"excerpt":{"rendered":"<p>Essaouira \u2013 Le nombre des familles b\u00e9n\u00e9ficiaires de l\u2019Op\u00e9ration de distribution alimentaire \u00ab\u00a0Ramadan 1442\u00a0\u00bb au niveau de la province d\u2019Essaouira s\u2019\u00e9l\u00e8ve \u00e0 8.850 m\u00e9nages. Initi\u00e9e par la Fondation Mohammed V pour la Solidarit\u00e9, cette op\u00e9ration a profit\u00e9 \u00e0 1.265 familles issues du milieu urbain et \u00e0 7.585 familles dans le monde rural au niveau de [&hellip;]<\/p>\n","protected":false},"author":1788,"featured_media":0,"comment_status":"closed","ping_status":"closed","sticky":false,"template":"","format":"standard","meta":{"fifu_image_url":"","fifu_image_alt":"","footnotes":""},"categories":[54,76],"tags":[],"class_list":["post-115391","post","type-post","status-publish","format-standard","hentry","category-maroc","category-regions"],"_links":{"self":[{"href":"https:\/\/linitiative.ca\/International\/wp-json\/wp\/v2\/posts\/115391","targetHints":{"allow":["GET"]}}],"collection":[{"href":"https:\/\/linitiative.ca\/International\/wp-json\/wp\/v2\/posts"}],"about":[{"href":"https:\/\/linitiative.ca\/International\/wp-json\/wp\/v2\/types\/post"}],"author":[{"embeddable":true,"href":"https:\/\/linitiative.ca\/International\/wp-json\/wp\/v2\/users\/1788"}],"replies":[{"embeddable":true,"href":"https:\/\/linitiative.ca\/International\/wp-json\/wp\/v2\/comments?post=115391"}],"version-history":[{"count":0,"href":"https:\/\/linitiative.ca\/International\/wp-json\/wp\/v2\/posts\/115391\/revisions"}],"wp:attachment":[{"href":"https:\/\/linitiative.ca\/International\/wp-json\/wp\/v2\/media?parent=115391"}],"wp:term":[{"taxonomy":"category","embeddable":true,"href":"https:\/\/linitiative.ca\/International\/wp-json\/wp\/v2\/categories?post=115391"},{"taxonomy":"post_tag","embeddable":true,"href":"https:\/\/linitiative.ca\/International\/wp-json\/wp\/v2\/tags?post=115391"}],"curies":[{"name":"wp","href":"https:\/\/api.w.org\/{rel}","templated":true}]}}