{"id":115392,"date":"2021-04-22T13:07:29","date_gmt":"2021-04-22T17:07:29","guid":{"rendered":"https:\/\/linitiative.ca\/International\/covid-19-600-nouveaux-cas-plus-de-47-millions-de-vaccines\/"},"modified":"2021-04-22T13:07:29","modified_gmt":"2021-04-22T17:07:29","slug":"covid-19-600-nouveaux-cas-plus-de-47-millions-de-vaccines","status":"publish","type":"post","link":"https:\/\/linitiative.ca\/International\/covid-19-600-nouveaux-cas-plus-de-47-millions-de-vaccines\/","title":{"rendered":"Covid-19: 600 nouveaux cas, plus de 4,7 millions de vaccin\u00e9s"},"content":{"rendered":"<div readability=\"34\">\n<p>Un total de 600 nouveaux cas d\u2019infection au coronavirus et de 520 gu\u00e9risons a \u00e9t\u00e9 enregistr\u00e9 au cours des derni\u00e8res 24 heures au Maroc, a annonc\u00e9 jeudi le minist\u00e8re de la Sant\u00e9.<\/p>\n<\/div>\n<div readability=\"72\">\n<p>Le nombre des personnes vaccin\u00e9es \u00e0 ce jour (dose 1) a atteint 4.707.658 alors que 4.207.298 autres ont re\u00e7u la deuxi\u00e8me dose du vaccin, pr\u00e9cise le minist\u00e8re dans son bulletin quotidien sur la situation de la Covid-19.<\/p>\n<p>Ce nouveau bilan porte \u00e0 507.938 le nombre total des contaminations depuis le premier cas signal\u00e9 en mars 2020, tandis que le nombre des personnes r\u00e9tablies est pass\u00e9 \u00e0 493.873, soit un taux de gu\u00e9rison de 97,2 %, pr\u00e9cise le minist\u00e8re.<\/p>\n<p>Quant au nombre total des d\u00e9c\u00e8s, il est pass\u00e9 \u00e0 8.976 avec 7 nouveaux cas recens\u00e9s en 24 heures, soit un taux de l\u00e9talit\u00e9 de 1,8%. Ces d\u00e9c\u00e8s ont \u00e9t\u00e9 enregistr\u00e9s dans les r\u00e9gions de Casablanca-Settat (4), Marrakech-Safi (1), Souss-Massa (1) et F\u00e8s-Mekn\u00e8s (1).<\/p>\n<p>Les nouvelles contaminations ont \u00e9t\u00e9 enregistr\u00e9es dans les r\u00e9gions de Casablanca-Settat (421), Rabat-Sal\u00e9-K\u00e9nitra (51), Marrakech-Safi (26), L\u2019Oriental (20), Souss-Massa (19), La\u00e2youne-Sakia El Hamra (16), Tanger-T\u00e9touan-Al Hoceima (16), Dakhla-Oued Eddahab (14), Guelmim\u2013Oued Noun (6), B\u00e9ni Mellal-Kh\u00e9nifra (4), Dr\u00e2a-Tafilalet (4) et F\u00e8s-Mekn\u00e8s (3).<\/p>\n<p>Le nombre des cas actifs s\u2019\u00e9l\u00e8ve \u00e0 5.089, tandis que les cas s\u00e9v\u00e8res ou critiques sont au nombre de 381, dont 14 plac\u00e9s sous intubation.<\/p>\n<\/div>\n<p>Auteur: Meriem IGASS<br \/>\n<a href=\"http:\/\/www.mapmarrakech.ma\/fr\/covid-19-600-nouveaux-cas-plus-de-47-millions-de-vaccines\/\">Cliquez ici pour lire l&rsquo;article depuis sa source.<\/a><\/p>\n","protected":false},"excerpt":{"rendered":"<p>Un total de 600 nouveaux cas d\u2019infection au coronavirus et de 520 gu\u00e9risons a \u00e9t\u00e9 enregistr\u00e9 au cours des derni\u00e8res 24 heures au Maroc, a annonc\u00e9 jeudi le minist\u00e8re de la Sant\u00e9. Le nombre des personnes vaccin\u00e9es \u00e0 ce jour (dose 1) a atteint 4.707.658 alors que 4.207.298 autres ont re\u00e7u la deuxi\u00e8me dose du [&hellip;]<\/p>\n","protected":false},"author":1788,"featured_media":0,"comment_status":"closed","ping_status":"closed","sticky":false,"template":"","format":"standard","meta":{"fifu_image_url":"","fifu_image_alt":"","footnotes":""},"categories":[54,76],"tags":[],"class_list":["post-115392","post","type-post","status-publish","format-standard","hentry","category-maroc","category-regions"],"_links":{"self":[{"href":"https:\/\/linitiative.ca\/International\/wp-json\/wp\/v2\/posts\/115392","targetHints":{"allow":["GET"]}}],"collection":[{"href":"https:\/\/linitiative.ca\/International\/wp-json\/wp\/v2\/posts"}],"about":[{"href":"https:\/\/linitiative.ca\/International\/wp-json\/wp\/v2\/types\/post"}],"author":[{"embeddable":true,"href":"https:\/\/linitiative.ca\/International\/wp-json\/wp\/v2\/users\/1788"}],"replies":[{"embeddable":true,"href":"https:\/\/linitiative.ca\/International\/wp-json\/wp\/v2\/comments?post=115392"}],"version-history":[{"count":0,"href":"https:\/\/linitiative.ca\/International\/wp-json\/wp\/v2\/posts\/115392\/revisions"}],"wp:attachment":[{"href":"https:\/\/linitiative.ca\/International\/wp-json\/wp\/v2\/media?parent=115392"}],"wp:term":[{"taxonomy":"category","embeddable":true,"href":"https:\/\/linitiative.ca\/International\/wp-json\/wp\/v2\/categories?post=115392"},{"taxonomy":"post_tag","embeddable":true,"href":"https:\/\/linitiative.ca\/International\/wp-json\/wp\/v2\/tags?post=115392"}],"curies":[{"name":"wp","href":"https:\/\/api.w.org\/{rel}","templated":true}]}}